{"id":37442,"date":"2025-06-24T14:16:57","date_gmt":"2025-06-24T11:16:57","guid":{"rendered":"https:\/\/www.egemtv.com\/?p=37442"},"modified":"2025-06-24T14:17:02","modified_gmt":"2025-06-24T11:17:02","slug":"genc-muhendisler-mezun-oldu","status":"publish","type":"post","link":"https:\/\/www.egemtv.com\/?p=37442","title":{"rendered":"Gen\u00e7 m\u00fchendisler mezun oldu"},"content":{"rendered":"<p>Mu\u011fla S\u0131tk\u0131 Ko\u00e7man \u00dcniversitesi (MSK\u00dc) M\u00fchendislik Fak\u00fcltesi 2024-2025 E\u011fitim \u00d6\u011fretim Y\u0131l\u0131 Mezuniyet T\u00f6reni Atat\u00fcrk K\u00fclt\u00fcr Merkezi\u2019nde ailelerin yo\u011fun kat\u0131l\u0131m\u0131yla yap\u0131ld\u0131.<br \/>\n<br \/>Mezuniyet t\u00f6renine MSK\u00dc Rekt\u00f6r Yard\u0131mc\u0131s\u0131 Prof. Dr. Mustafa G\u00f6k\u00e7e, M\u00fchendislik Fak\u00fcltesi Dekan\u0131 ve Rekt\u00f6r Yard\u0131mc\u0131s\u0131 Prof. Dr. Deniz \u00dclgen, \u00f6\u011fretim \u00fcyeleri ve \u00f6\u011frencilerin aileleri kat\u0131ld\u0131.<br \/>\n<br \/>Akademik ve idari personel ile ailelere te\u015fekk\u00fcr ederek konu\u015fma yapan M\u00fchendislik Fak\u00fcltesi Dekan\u0131 ve Rekt\u00f6r Yard\u0131mc\u0131s\u0131 Prof. Dr. Deniz \u00dclgen, \u00f6\u011frencilere seslenerek mezuniyetlerini tebrik etti.<br \/>\n<br \/>\u00dclgen, konu\u015fmas\u0131nda \u015funlar\u0131 s\u00f6yledi:<br \/>\n<br \/>&#8220;Sizler, burada yaln\u0131zca bilgi edinmediniz. Ya\u015fama bak\u0131\u015f a\u00e7\u0131n\u0131z\u0131 \u015fekillendiren, kimli\u011finizi olu\u015fturan bir formasyon kazand\u0131n\u0131z. Bu formasyon; sizi sadece mesle\u011finize de\u011fil, hayata haz\u0131rlad\u0131. Sorgulamay\u0131, \u00e7\u00f6z\u00fcm aramay\u0131, vazge\u00e7meden yeniden denemeyi \u00f6\u011frendiniz. Yolunuzun bundan sonra da ayd\u0131nl\u0131k olaca\u011f\u0131na y\u00fcrekten inan\u0131yorum. Kafan\u0131z\u0131 kar\u0131\u015f\u0131k hissediyorsan\u0131z, yaln\u0131z de\u011filsiniz. Ben de diplomam\u0131 ald\u0131\u011f\u0131m zaman &#8220;peki bundan sonra ne olacak&#8221; demi\u015ftim. \u015eimdi geriye bakt\u0131\u011f\u0131mda, bu kar\u0131\u015f\u0131kl\u0131k, asl\u0131nda hayat\u0131n do\u011fal bir par\u00e7as\u0131. Ama y\u00f6n\u00fcn\u00fcz\u00fc siz belirlersiniz. Hayat \u015fimdi size pek \u00e7ok yeni kap\u0131 a\u00e7acak. Sizlere \u015funu i\u00e7tenlikle s\u00f6ylemek isterim: Kar\u015f\u0131n\u0131za \u00e7\u0131kan her f\u0131rsat, ilk bak\u0131\u015fta b\u00fcy\u00fck g\u00f6r\u00fcnmeyebilir. Ama bazen bir k\u00fc\u00e7\u00fck staj, bir g\u00f6n\u00fcll\u00fc i\u015f, bir rastlant\u0131; hayat\u0131n\u0131z\u0131 de\u011fi\u015ftiren d\u00f6n\u00fcm noktas\u0131 olabilir. O y\u00fczden a\u00e7\u0131k olun, esnek olun ve denemekten korkmay\u0131n. Bug\u00fcn, t\u00fcm \u00e7abalar\u0131n\u0131z\u0131n kar\u015f\u0131l\u0131\u011f\u0131n\u0131 ald\u0131\u011f\u0131n\u0131z bir g\u00fcn. Hepinizi tebrik ediyorum. Sizi sevgiyle u\u011furluyoruz. Yolunuz a\u00e7\u0131k, y\u00fcre\u011finiz g\u00fc\u00e7l\u00fc olsun&#8221;<br \/>\n<br \/>Konu\u015fmalar\u0131n ard\u0131ndan b\u00f6l\u00fcmlerinde dereceye giren \u00f6\u011frencilere, ba\u015far\u0131 belgeleri verildi. Daha sonra \u00f6\u011frenciler b\u00f6l\u00fcmler halinde sahneye davet edilerek, protokol ve \u00f6\u011fretim \u00fcyeleri taraf\u0131ndan diplomalar\u0131 takdim edildi. T\u00f6renin ard\u0131ndan, \u00f6\u011frenciler hep birlikte keplerini havaya f\u0131rlatt\u0131.<br \/><\/p>\n","protected":false},"excerpt":{"rendered":"<p>Mu\u011fla S\u0131tk\u0131 Ko\u00e7man \u00dcniversitesi (MSK\u00dc) M\u00fchendislik Fak\u00fcltesi 2024-2025 E\u011fitim \u00d6\u011fretim Y\u0131l\u0131 Mezuniyet T\u00f6reni Atat\u00fcrk K\u00fclt\u00fcr Merkezi\u2019nde ailelerin yo\u011fun kat\u0131l\u0131m\u0131yla yap\u0131ld\u0131. Mezuniyet t\u00f6renine MSK\u00dc Rekt\u00f6r Yard\u0131mc\u0131s\u0131 Prof. Dr. Mustafa G\u00f6k\u00e7e, M\u00fchendislik Fak\u00fcltesi Dekan\u0131 ve Rekt\u00f6r Yard\u0131mc\u0131s\u0131 Prof. Dr. Deniz \u00dclgen, \u00f6\u011fretim \u00fcyeleri ve \u00f6\u011frencilerin aileleri kat\u0131ld\u0131. Akademik ve idari personel ile ailelere te\u015fekk\u00fcr ederek konu\u015fma yapan&#8230;<\/p>\n","protected":false},"author":1,"featured_media":37443,"comment_status":"open","ping_status":"open","sticky":false,"template":"","format":"standard","meta":{"_crdt_document":"","footnotes":""},"categories":[1],"tags":[],"class_list":["post-37442","post","type-post","status-publish","format-standard","has-post-thumbnail","hentry","category-guncel"],"_links":{"self":[{"href":"https:\/\/www.egemtv.com\/index.php?rest_route=\/wp\/v2\/posts\/37442","targetHints":{"allow":["GET"]}}],"collection":[{"href":"https:\/\/www.egemtv.com\/index.php?rest_route=\/wp\/v2\/posts"}],"about":[{"href":"https:\/\/www.egemtv.com\/index.php?rest_route=\/wp\/v2\/types\/post"}],"author":[{"embeddable":true,"href":"https:\/\/www.egemtv.com\/index.php?rest_route=\/wp\/v2\/users\/1"}],"replies":[{"embeddable":true,"href":"https:\/\/www.egemtv.com\/index.php?rest_route=%2Fwp%2Fv2%2Fcomments&post=37442"}],"version-history":[{"count":1,"href":"https:\/\/www.egemtv.com\/index.php?rest_route=\/wp\/v2\/posts\/37442\/revisions"}],"predecessor-version":[{"id":37444,"href":"https:\/\/www.egemtv.com\/index.php?rest_route=\/wp\/v2\/posts\/37442\/revisions\/37444"}],"wp:featuredmedia":[{"embeddable":true,"href":"https:\/\/www.egemtv.com\/index.php?rest_route=\/wp\/v2\/media\/37443"}],"wp:attachment":[{"href":"https:\/\/www.egemtv.com\/index.php?rest_route=%2Fwp%2Fv2%2Fmedia&parent=37442"}],"wp:term":[{"taxonomy":"category","embeddable":true,"href":"https:\/\/www.egemtv.com\/index.php?rest_route=%2Fwp%2Fv2%2Fcategories&post=37442"},{"taxonomy":"post_tag","embeddable":true,"href":"https:\/\/www.egemtv.com\/index.php?rest_route=%2Fwp%2Fv2%2Ftags&post=37442"}],"curies":[{"name":"wp","href":"https:\/\/api.w.org\/{rel}","templated":true}]}}