{"id":37439,"date":"2025-06-24T13:56:11","date_gmt":"2025-06-24T10:56:11","guid":{"rendered":"https:\/\/www.egemtv.com\/?p=37439"},"modified":"2025-06-24T13:56:16","modified_gmt":"2025-06-24T10:56:16","slug":"msku-mezun-ogrencilerini-ugurlamaya-devam-ediyor","status":"publish","type":"post","link":"https:\/\/www.egemtv.com\/?p=37439","title":{"rendered":"MSK\u00dc, mezun \u00f6\u011frencilerini u\u011furlamaya devam ediyor"},"content":{"rendered":"<p>Mu\u011fla S\u0131tk\u0131 Ko\u00e7man \u00dcniversitesine ba\u011fl\u0131 Fak\u00fclte ve Meslek Y\u00fcksekokullar\u0131nda mezuniyetler devam ediyor. Bu kapsamda Teknoloji Fak\u00fcltesi ve Dalaman Sivil Havac\u0131l\u0131k Meslek Y\u00fcksekokulu da mezunlar\u0131n\u0131 yeni hayat\u0131na u\u011furlad\u0131.<br \/>\n<br \/>Teknoloji Fak\u00fcltesi 2024-2025 E\u011fitim \u00d6\u011fretim y\u0131l\u0131 Mezuniyet T\u00f6reni 23 Haziran Pazartesi g\u00fcn\u00fc Atat\u00fcrk K\u00fclt\u00fcr Merkezi\u2019nde yap\u0131ld\u0131. Dalaman Sivil Havac\u0131l\u0131k MYO ise mezunlar\u0131n\u0131 24 Haziran Sal\u0131 g\u00fcn\u00fc u\u011furlad\u0131. MSK\u00dc Rekt\u00f6r Yard\u0131mc\u0131s\u0131 Prof. Dr. Deniz \u00dclgen de t\u00f6rene kat\u0131larak, \u00f6\u011frencilerin heyecan\u0131na ortak oldu. Ayr\u0131ca Dalaman Sivil Havac\u0131l\u0131k MYO\u2019nun mezuniyet t\u00f6renine \u00c7elebi Hava Servisi Dalaman \u0130stasyon M\u00fcd\u00fcr\u00fc Ebru Alta\u015f da kat\u0131ld\u0131.<br \/>\n<br \/>A\u00e7\u0131l\u0131\u015f konu\u015fmalar\u0131n\u0131n ard\u0131ndan b\u00f6l\u00fcmlerinde dereceye giren \u00f6\u011frencilere, \u00f6\u011fretim \u00fcyeleri taraf\u0131ndan ba\u015far\u0131 belgeleri takdim edildi. Daha sonra \u00f6\u011frenciler s\u0131rayla sahneye davet edilerek, diplomalar\u0131 verildi. Geleneksel kep atma seremonisiyle sona eren t\u00f6rende, \u00f6\u011frenciler mezun olman\u0131n mutlulu\u011funu ya\u015fad\u0131.<br \/><\/p>\n","protected":false},"excerpt":{"rendered":"<p>Mu\u011fla S\u0131tk\u0131 Ko\u00e7man \u00dcniversitesine ba\u011fl\u0131 Fak\u00fclte ve Meslek Y\u00fcksekokullar\u0131nda mezuniyetler devam ediyor. Bu kapsamda Teknoloji Fak\u00fcltesi ve Dalaman Sivil Havac\u0131l\u0131k Meslek Y\u00fcksekokulu da mezunlar\u0131n\u0131 yeni hayat\u0131na u\u011furlad\u0131. Teknoloji Fak\u00fcltesi 2024-2025 E\u011fitim \u00d6\u011fretim y\u0131l\u0131 Mezuniyet T\u00f6reni 23 Haziran Pazartesi g\u00fcn\u00fc Atat\u00fcrk K\u00fclt\u00fcr Merkezi\u2019nde yap\u0131ld\u0131. Dalaman Sivil Havac\u0131l\u0131k MYO ise mezunlar\u0131n\u0131 24 Haziran Sal\u0131 g\u00fcn\u00fc u\u011furlad\u0131. MSK\u00dc&#8230;<\/p>\n","protected":false},"author":1,"featured_media":37440,"comment_status":"open","ping_status":"open","sticky":false,"template":"","format":"standard","meta":{"_crdt_document":"","footnotes":""},"categories":[1],"tags":[],"class_list":["post-37439","post","type-post","status-publish","format-standard","has-post-thumbnail","hentry","category-guncel"],"_links":{"self":[{"href":"https:\/\/www.egemtv.com\/index.php?rest_route=\/wp\/v2\/posts\/37439","targetHints":{"allow":["GET"]}}],"collection":[{"href":"https:\/\/www.egemtv.com\/index.php?rest_route=\/wp\/v2\/posts"}],"about":[{"href":"https:\/\/www.egemtv.com\/index.php?rest_route=\/wp\/v2\/types\/post"}],"author":[{"embeddable":true,"href":"https:\/\/www.egemtv.com\/index.php?rest_route=\/wp\/v2\/users\/1"}],"replies":[{"embeddable":true,"href":"https:\/\/www.egemtv.com\/index.php?rest_route=%2Fwp%2Fv2%2Fcomments&post=37439"}],"version-history":[{"count":1,"href":"https:\/\/www.egemtv.com\/index.php?rest_route=\/wp\/v2\/posts\/37439\/revisions"}],"predecessor-version":[{"id":37441,"href":"https:\/\/www.egemtv.com\/index.php?rest_route=\/wp\/v2\/posts\/37439\/revisions\/37441"}],"wp:featuredmedia":[{"embeddable":true,"href":"https:\/\/www.egemtv.com\/index.php?rest_route=\/wp\/v2\/media\/37440"}],"wp:attachment":[{"href":"https:\/\/www.egemtv.com\/index.php?rest_route=%2Fwp%2Fv2%2Fmedia&parent=37439"}],"wp:term":[{"taxonomy":"category","embeddable":true,"href":"https:\/\/www.egemtv.com\/index.php?rest_route=%2Fwp%2Fv2%2Fcategories&post=37439"},{"taxonomy":"post_tag","embeddable":true,"href":"https:\/\/www.egemtv.com\/index.php?rest_route=%2Fwp%2Fv2%2Ftags&post=37439"}],"curies":[{"name":"wp","href":"https:\/\/api.w.org\/{rel}","templated":true}]}}