{"id":37436,"date":"2025-06-24T13:56:05","date_gmt":"2025-06-24T10:56:05","guid":{"rendered":"https:\/\/www.egemtv.com\/?p=37436"},"modified":"2025-06-24T13:56:10","modified_gmt":"2025-06-24T10:56:10","slug":"milletvekili-un-bolgemiz-ates-cemberinde","status":"publish","type":"post","link":"https:\/\/www.egemtv.com\/?p=37436","title":{"rendered":"Milletvekili \u00dcn; &#8220;B\u00f6lgemiz ate\u015f \u00e7emberinde&#8221;"},"content":{"rendered":"<p>DEN\u0130ZL\u0130 (\u0130HA) \u2013 Denizli Milletvekili Sema Silkin \u00dcn, \u0130ran \u2013 \u0130srail sava\u015f\u0131n\u0131n b\u00f6lgedeki ate\u015f \u00e7emberinin son \u00f6rne\u011fi oldu\u011funu belirterek, &#8220;Mossad \u00e7eteleri yaln\u0131zca s\u0131n\u0131r \u00f6tesinde de\u011fil, devletlerin kalbinde bile sabotajlarla operasyon y\u00fcr\u00fctebiliyor&#8221; dedi.<\/p>\n<p>T\u00fcrkiye\u2019nin de i\u00e7erisinde yer ald\u0131\u011f\u0131 b\u00f6lgenin ate\u015f \u00e7emberinde oldu\u011funu kaydeden Denizli Milletvekili Sema Silkin \u00dcn, &#8220;\u0130ran-\u0130srail sava\u015f\u0131yla birlikte g\u00f6rd\u00fck ki, Mossad \u00e7eteleri yaln\u0131zca s\u0131n\u0131r \u00f6tesinde de\u011fil, devletlerin kalbinde bile sabotajlarla operasyon y\u00fcr\u00fctebiliyor. \u0130ran\u2019\u0131n i\u00e7inde, bir istihbarat \u00f6rg\u00fct\u00fc adeta devleti fel\u00e7 etti. Biz, haftalard\u0131r uyar\u0131yoruz; T\u00fcrkiye-\u0130srail \u00e7ifte vatanda\u015flar\u0131 gidip \u0130srail ordusunda silah ku\u015fan\u0131yor, sonra elini kolunu sallayarak T\u00fcrkiye\u2019ye d\u00f6n\u00fcyor. Bunun bir g\u00fcvenlik riski oldu\u011fu a\u00e7\u0131k. Bu insanlardan hangisi burada ne yapacak, kimse bilmiyor. Dedik ki; bu konuda yasal d\u00fczenleme yap\u0131n, engel olu\u015fturun. Ne yapt\u0131lar? Milletin g\u00fcvenli\u011fini \u00f6nceleyeceklerine, d\u00f6nd\u00fcler k\u00fcresel siyonist \u00e7etenin kay\u0131\u011f\u0131na bindiler. Ve \u015fimdi de bu milletin \u00f6n\u00fcne, dijital esaretin altyap\u0131s\u0131 olacak \u0130klim Kanununu yeniden koyuyorlar. Yaz\u0131kt\u0131r, g\u00fcnaht\u0131r. Allah\u2019tan korkun&#8221; diye konu\u015ftu.<br \/><\/p>\n","protected":false},"excerpt":{"rendered":"<p>DEN\u0130ZL\u0130 (\u0130HA) \u2013 Denizli Milletvekili Sema Silkin \u00dcn, \u0130ran \u2013 \u0130srail sava\u015f\u0131n\u0131n b\u00f6lgedeki ate\u015f \u00e7emberinin son \u00f6rne\u011fi oldu\u011funu belirterek, &#8220;Mossad \u00e7eteleri yaln\u0131zca s\u0131n\u0131r \u00f6tesinde de\u011fil, devletlerin kalbinde bile sabotajlarla operasyon y\u00fcr\u00fctebiliyor&#8221; dedi. T\u00fcrkiye\u2019nin de i\u00e7erisinde yer ald\u0131\u011f\u0131 b\u00f6lgenin ate\u015f \u00e7emberinde oldu\u011funu kaydeden Denizli Milletvekili Sema Silkin \u00dcn, &#8220;\u0130ran-\u0130srail sava\u015f\u0131yla birlikte g\u00f6rd\u00fck ki, Mossad \u00e7eteleri yaln\u0131zca&#8230;<\/p>\n","protected":false},"author":1,"featured_media":37437,"comment_status":"open","ping_status":"open","sticky":false,"template":"","format":"standard","meta":{"_crdt_document":"","footnotes":""},"categories":[127],"tags":[],"class_list":["post-37436","post","type-post","status-publish","format-standard","has-post-thumbnail","hentry","category-siyaset"],"_links":{"self":[{"href":"https:\/\/www.egemtv.com\/index.php?rest_route=\/wp\/v2\/posts\/37436","targetHints":{"allow":["GET"]}}],"collection":[{"href":"https:\/\/www.egemtv.com\/index.php?rest_route=\/wp\/v2\/posts"}],"about":[{"href":"https:\/\/www.egemtv.com\/index.php?rest_route=\/wp\/v2\/types\/post"}],"author":[{"embeddable":true,"href":"https:\/\/www.egemtv.com\/index.php?rest_route=\/wp\/v2\/users\/1"}],"replies":[{"embeddable":true,"href":"https:\/\/www.egemtv.com\/index.php?rest_route=%2Fwp%2Fv2%2Fcomments&post=37436"}],"version-history":[{"count":1,"href":"https:\/\/www.egemtv.com\/index.php?rest_route=\/wp\/v2\/posts\/37436\/revisions"}],"predecessor-version":[{"id":37438,"href":"https:\/\/www.egemtv.com\/index.php?rest_route=\/wp\/v2\/posts\/37436\/revisions\/37438"}],"wp:featuredmedia":[{"embeddable":true,"href":"https:\/\/www.egemtv.com\/index.php?rest_route=\/wp\/v2\/media\/37437"}],"wp:attachment":[{"href":"https:\/\/www.egemtv.com\/index.php?rest_route=%2Fwp%2Fv2%2Fmedia&parent=37436"}],"wp:term":[{"taxonomy":"category","embeddable":true,"href":"https:\/\/www.egemtv.com\/index.php?rest_route=%2Fwp%2Fv2%2Fcategories&post=37436"},{"taxonomy":"post_tag","embeddable":true,"href":"https:\/\/www.egemtv.com\/index.php?rest_route=%2Fwp%2Fv2%2Ftags&post=37436"}],"curies":[{"name":"wp","href":"https:\/\/api.w.org\/{rel}","templated":true}]}}