{"id":37433,"date":"2025-06-24T13:55:57","date_gmt":"2025-06-24T10:55:57","guid":{"rendered":"https:\/\/www.egemtv.com\/?p=37433"},"modified":"2025-06-24T13:56:04","modified_gmt":"2025-06-24T10:56:04","slug":"kutahya-mem-muduru-yilmaz-ogretmenlerle-bir-araya-geldi","status":"publish","type":"post","link":"https:\/\/www.egemtv.com\/?p=37433","title":{"rendered":"K\u00fctahya MEM M\u00fcd\u00fcr\u00fc Y\u0131lmaz, \u00f6\u011fretmenlerle bir araya geldi"},"content":{"rendered":"<p>K\u00fctahya Milli E\u011fitim M\u00fcd\u00fcr\u00fc Mustafa Y\u0131lmaz, Haziran d\u00f6nemi mesleki \u00e7al\u0131\u015fma program\u0131nda \u00f6\u011fretmenlerle bir araya geldi.<br \/>\n<br \/>\u0130l Milli E\u011fitim M\u00fcd\u00fcr\u00fc Mustafa Y\u0131lmaz, 2024-2025 E\u011fitim \u00d6\u011fretim Y\u0131l\u0131 Haziran D\u00f6nemi Mesleki \u00c7al\u0131\u015fma Program\u0131 \u00e7er\u00e7evesinde Atat\u00fcrk Ortaokulunu ziyaret ederek \u00f6\u011fretmenlerle bir araya geldi. \u0130l Milli E\u011fitim \u015eube M\u00fcd\u00fcr\u00fc Mustafa Topuz\u2019un da e\u015flik etti\u011fi toplant\u0131da, e\u011fitim s\u00fcre\u00e7lerine dair isti\u015farelerde bulunuldu.<br \/>\n<br \/>M\u00fcd\u00fcr Y\u0131lmaz, \u00f6\u011fretmenlere hitaben yapt\u0131\u011f\u0131 konu\u015fmada, T\u00fcrkiye Y\u00fczy\u0131l\u0131 Maarif Modeli\u2019nin temel ilkelerinden ve be\u015finci s\u0131n\u0131flarda ba\u015flayan yeni uygulama s\u00fcrecinden s\u00f6z ederek, \u00f6\u011fretmenlerin sahadaki g\u00f6zlemlerinin bu s\u00fcrece y\u00f6n verecek en de\u011ferli katk\u0131 oldu\u011funa dikkat \u00e7ekti. \u00d6\u011frencilere temel beceri ve de\u011ferlerin kazand\u0131r\u0131lmas\u0131n\u0131n \u00f6nemine vurgu yapan Y\u0131lmaz &#8220;Bu \u00e7ocuklar bizim yar\u0131n\u0131m\u0131z, umudumuz, izzetimiz, onurumuzdur. Onlara kar\u015f\u0131 asgari d\u00fczeyde sorumlulu\u011fumuzu yerine getirmek, en temel g\u00f6revimizdir&#8221; ifadelerini kulland\u0131.<\/p>\n<p>&#8220;Velilerle i\u015f birli\u011fi \u00f6nemli&#8221;<br \/>\n<br \/>Konu\u015fmas\u0131nda velilerle i\u015f birli\u011finin \u00f6nemine de de\u011finen M\u00fcd\u00fcr Mustafa Y\u0131lmaz, \u00e7ocuklar\u0131n akademik ba\u015far\u0131s\u0131n\u0131n yan\u0131nda toplumsal hayata g\u00fc\u00e7l\u00fc bireyler olarak haz\u0131rlanabilmesi i\u00e7in veli deste\u011finin vazge\u00e7ilmez oldu\u011funu vurgulad\u0131. Rehberlik hizmetlerinin g\u00fc\u00e7lendirilmesi, yetenek y\u00f6nelimli okul tercihlerinin art\u0131r\u0131lmas\u0131 ve mesleki e\u011fitime y\u00f6nlendirmenin gereklili\u011fi \u00fczerine \u00f6rneklerle dikkat \u00e7ekti.<br \/>\n<br \/>Mesleki e\u011fitimin gereklili\u011fini \u00e7e\u015fitli ya\u015fanm\u0131\u015f \u00f6rneklerle a\u00e7\u0131klayan Y\u0131lmaz, &#8221; Gen\u00e7lerimizi erken ya\u015fta yeteneklerine g\u00f6re y\u00f6nlendirmek hem bireysel mutluluk hem de toplumsal kalk\u0131nma a\u00e7\u0131s\u0131ndan hayati \u00f6nemdedir&#8221; dedi.<br \/>\n<br \/>Toplant\u0131n\u0131n sonunda \u00f6\u011fretmenlerin taleplerini dinleyen M\u00fcd\u00fcr Y\u0131lmaz, ger\u00e7ek\u00e7i ve uygulanabilir okul projelerine daima destek verdiklerini ifade ederek, &#8220;Yeter ki bir gayretiniz olsun. Allah da yard\u0131m eder. Gelin, el birli\u011fiyle g\u00fczel bir hikaye yazal\u0131m. Ba\u015fkahraman\u0131 \u00f6\u011frencilerimiz ve siz de\u011ferli \u00f6\u011fretmenlerimiz olsun&#8221; s\u00f6zleriyle e\u011fitim ailesine olan g\u00fcvenini yineledi.<br \/><\/p>\n","protected":false},"excerpt":{"rendered":"<p>K\u00fctahya Milli E\u011fitim M\u00fcd\u00fcr\u00fc Mustafa Y\u0131lmaz, Haziran d\u00f6nemi mesleki \u00e7al\u0131\u015fma program\u0131nda \u00f6\u011fretmenlerle bir araya geldi. \u0130l Milli E\u011fitim M\u00fcd\u00fcr\u00fc Mustafa Y\u0131lmaz, 2024-2025 E\u011fitim \u00d6\u011fretim Y\u0131l\u0131 Haziran D\u00f6nemi Mesleki \u00c7al\u0131\u015fma Program\u0131 \u00e7er\u00e7evesinde Atat\u00fcrk Ortaokulunu ziyaret ederek \u00f6\u011fretmenlerle bir araya geldi. \u0130l Milli E\u011fitim \u015eube M\u00fcd\u00fcr\u00fc Mustafa Topuz\u2019un da e\u015flik etti\u011fi toplant\u0131da, e\u011fitim s\u00fcre\u00e7lerine dair isti\u015farelerde bulunuldu&#8230;.<\/p>\n","protected":false},"author":1,"featured_media":37434,"comment_status":"open","ping_status":"open","sticky":false,"template":"","format":"standard","meta":{"_crdt_document":"","footnotes":""},"categories":[1],"tags":[],"class_list":["post-37433","post","type-post","status-publish","format-standard","has-post-thumbnail","hentry","category-guncel"],"_links":{"self":[{"href":"https:\/\/www.egemtv.com\/index.php?rest_route=\/wp\/v2\/posts\/37433","targetHints":{"allow":["GET"]}}],"collection":[{"href":"https:\/\/www.egemtv.com\/index.php?rest_route=\/wp\/v2\/posts"}],"about":[{"href":"https:\/\/www.egemtv.com\/index.php?rest_route=\/wp\/v2\/types\/post"}],"author":[{"embeddable":true,"href":"https:\/\/www.egemtv.com\/index.php?rest_route=\/wp\/v2\/users\/1"}],"replies":[{"embeddable":true,"href":"https:\/\/www.egemtv.com\/index.php?rest_route=%2Fwp%2Fv2%2Fcomments&post=37433"}],"version-history":[{"count":1,"href":"https:\/\/www.egemtv.com\/index.php?rest_route=\/wp\/v2\/posts\/37433\/revisions"}],"predecessor-version":[{"id":37435,"href":"https:\/\/www.egemtv.com\/index.php?rest_route=\/wp\/v2\/posts\/37433\/revisions\/37435"}],"wp:featuredmedia":[{"embeddable":true,"href":"https:\/\/www.egemtv.com\/index.php?rest_route=\/wp\/v2\/media\/37434"}],"wp:attachment":[{"href":"https:\/\/www.egemtv.com\/index.php?rest_route=%2Fwp%2Fv2%2Fmedia&parent=37433"}],"wp:term":[{"taxonomy":"category","embeddable":true,"href":"https:\/\/www.egemtv.com\/index.php?rest_route=%2Fwp%2Fv2%2Fcategories&post=37433"},{"taxonomy":"post_tag","embeddable":true,"href":"https:\/\/www.egemtv.com\/index.php?rest_route=%2Fwp%2Fv2%2Ftags&post=37433"}],"curies":[{"name":"wp","href":"https:\/\/api.w.org\/{rel}","templated":true}]}}