{"id":37430,"date":"2025-06-24T13:55:56","date_gmt":"2025-06-24T10:55:56","guid":{"rendered":"https:\/\/www.egemtv.com\/?p=37430"},"modified":"2025-06-24T13:55:57","modified_gmt":"2025-06-24T10:55:57","slug":"tavsanlida-mezuniyet-sevinci","status":"publish","type":"post","link":"https:\/\/www.egemtv.com\/?p=37430","title":{"rendered":"Tav\u015fanl\u0131\u2019da mezuniyet sevinci"},"content":{"rendered":"<p>Sa\u011fl\u0131k Bilimleri \u00dcniversitesi Tav\u015fanl\u0131 Sa\u011fl\u0131k Hizmetleri Meslek Y\u00fcksekokulu (SHMYO), mezuniyet t\u00f6reniyle sa\u011fl\u0131k ordusuna yeni bireyler kazand\u0131rman\u0131n gururunu ya\u015fad\u0131.<br \/>\n<br \/>T\u00f6rene KSB\u00dc Rekt\u00f6r\u00fc Prof. Dr. Ahmet Tekin\u2019in yan\u0131 s\u0131ra Tav\u015fanl\u0131 Belediye Ba\u015fkan Yard\u0131mc\u0131s\u0131 Aziz Solmaz, Genel Sekreter Kutlu \u00d6nal, SHMYO M\u00fcd\u00fcr\u00fc \u00d6\u011fr. G\u00f6r. Dr. Mehmet Fatih Sanver, il\u00e7e protokol\u00fc, \u00fcniversitenin akademik ve idari personeli ile mezun \u00f6\u011frenciler ve aileleri kat\u0131ld\u0131.<br \/>\n<br \/>Sayg\u0131 duru\u015fu ve \u0130stiklal Mar\u015f\u0131 ile ba\u015flayan t\u00f6rende, mezun \u00f6\u011frencilerin konu\u015fmalar\u0131 ve sertifika takdimleri yer ald\u0131. Sa\u011fl\u0131k ordusuna kat\u0131lacak gen\u00e7 mezunlar\u0131, onlar\u0131 yeti\u015ftiren aileleri ve akademisyenleri tebrik eden Rekt\u00f6r Tekin, t\u00fcm mezunlara ba\u015far\u0131lar diledi.<br \/>\n<br \/>Konu\u015fmas\u0131nda, mezunlar\u0131n ailelerine ve devlete kar\u015f\u0131 sorumluluklar\u0131na da dikkat \u00e7eken Rekt\u00f6r Tekin, &#8220;Sizler bug\u00fcn sadece bir meslek sahibi olmad\u0131n\u0131z, ayn\u0131 zamanda b\u00fcy\u00fck bir sorumluluk da \u00fcstlendiniz. Ailelerinize, sizi yeti\u015ftiren akademisyenlerinize ve bu imk\u00e2nlar\u0131 sa\u011flayan devlete kar\u015f\u0131 borcunuz var. Bu borcu iyi bir insan olarak, mesle\u011finizi en iyi \u015fekilde icra ederek ve etraf\u0131n\u0131za \u00f6rnek olarak \u00f6deyebilirsiniz&#8221; ifadelerini kulland\u0131.<br \/>\n<br \/>T\u00f6ren, geleneksel kep atma seremonisiyle sona erdi.<br \/><\/p>\n","protected":false},"excerpt":{"rendered":"<p>Sa\u011fl\u0131k Bilimleri \u00dcniversitesi Tav\u015fanl\u0131 Sa\u011fl\u0131k Hizmetleri Meslek Y\u00fcksekokulu (SHMYO), mezuniyet t\u00f6reniyle sa\u011fl\u0131k ordusuna yeni bireyler kazand\u0131rman\u0131n gururunu ya\u015fad\u0131. T\u00f6rene KSB\u00dc Rekt\u00f6r\u00fc Prof. Dr. Ahmet Tekin\u2019in yan\u0131 s\u0131ra Tav\u015fanl\u0131 Belediye Ba\u015fkan Yard\u0131mc\u0131s\u0131 Aziz Solmaz, Genel Sekreter Kutlu \u00d6nal, SHMYO M\u00fcd\u00fcr\u00fc \u00d6\u011fr. G\u00f6r. Dr. Mehmet Fatih Sanver, il\u00e7e protokol\u00fc, \u00fcniversitenin akademik ve idari personeli ile mezun \u00f6\u011frenciler&#8230;<\/p>\n","protected":false},"author":1,"featured_media":37431,"comment_status":"open","ping_status":"open","sticky":false,"template":"","format":"standard","meta":{"_crdt_document":"","footnotes":""},"categories":[1],"tags":[],"class_list":["post-37430","post","type-post","status-publish","format-standard","has-post-thumbnail","hentry","category-guncel"],"_links":{"self":[{"href":"https:\/\/www.egemtv.com\/index.php?rest_route=\/wp\/v2\/posts\/37430","targetHints":{"allow":["GET"]}}],"collection":[{"href":"https:\/\/www.egemtv.com\/index.php?rest_route=\/wp\/v2\/posts"}],"about":[{"href":"https:\/\/www.egemtv.com\/index.php?rest_route=\/wp\/v2\/types\/post"}],"author":[{"embeddable":true,"href":"https:\/\/www.egemtv.com\/index.php?rest_route=\/wp\/v2\/users\/1"}],"replies":[{"embeddable":true,"href":"https:\/\/www.egemtv.com\/index.php?rest_route=%2Fwp%2Fv2%2Fcomments&post=37430"}],"version-history":[{"count":1,"href":"https:\/\/www.egemtv.com\/index.php?rest_route=\/wp\/v2\/posts\/37430\/revisions"}],"predecessor-version":[{"id":37432,"href":"https:\/\/www.egemtv.com\/index.php?rest_route=\/wp\/v2\/posts\/37430\/revisions\/37432"}],"wp:featuredmedia":[{"embeddable":true,"href":"https:\/\/www.egemtv.com\/index.php?rest_route=\/wp\/v2\/media\/37431"}],"wp:attachment":[{"href":"https:\/\/www.egemtv.com\/index.php?rest_route=%2Fwp%2Fv2%2Fmedia&parent=37430"}],"wp:term":[{"taxonomy":"category","embeddable":true,"href":"https:\/\/www.egemtv.com\/index.php?rest_route=%2Fwp%2Fv2%2Fcategories&post=37430"},{"taxonomy":"post_tag","embeddable":true,"href":"https:\/\/www.egemtv.com\/index.php?rest_route=%2Fwp%2Fv2%2Ftags&post=37430"}],"curies":[{"name":"wp","href":"https:\/\/api.w.org\/{rel}","templated":true}]}}