{"id":37427,"date":"2025-06-24T13:36:19","date_gmt":"2025-06-24T10:36:19","guid":{"rendered":"https:\/\/www.egemtv.com\/?p=37427"},"modified":"2025-06-24T13:36:23","modified_gmt":"2025-06-24T10:36:23","slug":"dpude-kutahya-ve-kitap-kulturu-paneli-duzenlendi","status":"publish","type":"post","link":"https:\/\/www.egemtv.com\/?p=37427","title":{"rendered":"DP\u00dc\u2019de &#8220;K\u00fctahya ve Kitap K\u00fclt\u00fcr\u00fc&#8221; paneli d\u00fczenlendi"},"content":{"rendered":"<p>K\u00fctahya Dumlup\u0131nar \u00dcniversitesi (DP\u00dc) Fen-Edebiyat Fak\u00fcltesi taraf\u0131ndan &#8220;K\u00fctahya ve Kitap K\u00fclt\u00fcr\u00fc&#8221; ba\u015fl\u0131kl\u0131 panel d\u00fczenlendi. Etkinlik kapsam\u0131nda, Cumhuriyetin 100. Y\u0131l\u0131\u2019nda 100 Kitap projesinde g\u00f6rev alan akademisyenlere te\u015fekk\u00fcr belgeleri takdim edildi.<br \/>\n<br \/>Fen-Edebiyat Fak\u00fcltesi Germiyano\u011flu Yakup Bey Konferans Salonu\u2019nda d\u00fczenlenen panele, DP\u00dc Rekt\u00f6r\u00fc Prof. Dr. S\u00fcleyman K\u0131z\u0131ltoprak, Rekt\u00f6r Yard\u0131mc\u0131s\u0131 Prof. Dr. Ayhan Kahraman, fak\u00fclte dekanlar\u0131, akademisyenler ve \u00f6\u011frenciler kat\u0131ld\u0131.<br \/>\n<br \/>A\u00e7\u0131l\u0131\u015f konu\u015fmas\u0131nda Rekt\u00f6r Prof. Dr. S\u00fcleyman K\u0131z\u0131ltoprak, Cumhuriyetin 100. y\u0131l\u0131 an\u0131s\u0131na hayata ge\u00e7irilen 100 Kitap projesinin ba\u015far\u0131yla tamamland\u0131\u011f\u0131n\u0131 belirterek, bu ba\u015far\u0131n\u0131n panel gibi bilimsel etkinliklerle ta\u00e7land\u0131r\u0131lmas\u0131n\u0131n \u00f6nemine de\u011findi. Katk\u0131 sunan akademisyenlere te\u015fekk\u00fcr eden K\u0131z\u0131ltoprak, \u00fcniversitenin k\u00fclt\u00fcrel ve bilimsel \u00fcretime katk\u0131lar\u0131n\u0131 s\u00fcrd\u00fcrece\u011fini vurgulad\u0131.<br \/>\n<br \/>Panelin moderat\u00f6rl\u00fc\u011f\u00fcn\u00fc Prof. Dr. Altay Tayfun \u00d6zcan \u00fcstlenirken, konu\u015fmac\u0131lar aras\u0131nda yer alan Prof. Dr. Hilmi G\u00fcnay, K\u00fctahya\u2019n\u0131n tarihi s\u00fcre\u00e7teki k\u00fclt\u00fcrel miras\u0131 ve kitap gelene\u011fi hakk\u0131nda de\u011ferlendirmelerde bulundu. Prof. Dr. Ali \u00c7elik ise b\u00f6lgedeki okuma al\u0131\u015fkanl\u0131klar\u0131n\u0131n zaman i\u00e7indeki de\u011fi\u015fimine \u0131\u015f\u0131k tuttu.<br \/>\n<br \/>Program\u0131n sonunda, Cumhuriyetin 100. Y\u0131l\u0131\u2019nda 100 Kitap projesine katk\u0131 sa\u011flayan akademisyenlere te\u015fekk\u00fcr belgeleri takdim edildi. Etkinlik, kat\u0131l\u0131mc\u0131lar taraf\u0131ndan ilgiyle takip edildi.<br \/><\/p>\n","protected":false},"excerpt":{"rendered":"<p>K\u00fctahya Dumlup\u0131nar \u00dcniversitesi (DP\u00dc) Fen-Edebiyat Fak\u00fcltesi taraf\u0131ndan &#8220;K\u00fctahya ve Kitap K\u00fclt\u00fcr\u00fc&#8221; ba\u015fl\u0131kl\u0131 panel d\u00fczenlendi. Etkinlik kapsam\u0131nda, Cumhuriyetin 100. Y\u0131l\u0131\u2019nda 100 Kitap projesinde g\u00f6rev alan akademisyenlere te\u015fekk\u00fcr belgeleri takdim edildi. Fen-Edebiyat Fak\u00fcltesi Germiyano\u011flu Yakup Bey Konferans Salonu\u2019nda d\u00fczenlenen panele, DP\u00dc Rekt\u00f6r\u00fc Prof. Dr. S\u00fcleyman K\u0131z\u0131ltoprak, Rekt\u00f6r Yard\u0131mc\u0131s\u0131 Prof. Dr. Ayhan Kahraman, fak\u00fclte dekanlar\u0131, akademisyenler ve \u00f6\u011frenciler&#8230;<\/p>\n","protected":false},"author":1,"featured_media":37428,"comment_status":"open","ping_status":"open","sticky":false,"template":"","format":"standard","meta":{"_crdt_document":"","footnotes":""},"categories":[1],"tags":[],"class_list":["post-37427","post","type-post","status-publish","format-standard","has-post-thumbnail","hentry","category-guncel"],"_links":{"self":[{"href":"https:\/\/www.egemtv.com\/index.php?rest_route=\/wp\/v2\/posts\/37427","targetHints":{"allow":["GET"]}}],"collection":[{"href":"https:\/\/www.egemtv.com\/index.php?rest_route=\/wp\/v2\/posts"}],"about":[{"href":"https:\/\/www.egemtv.com\/index.php?rest_route=\/wp\/v2\/types\/post"}],"author":[{"embeddable":true,"href":"https:\/\/www.egemtv.com\/index.php?rest_route=\/wp\/v2\/users\/1"}],"replies":[{"embeddable":true,"href":"https:\/\/www.egemtv.com\/index.php?rest_route=%2Fwp%2Fv2%2Fcomments&post=37427"}],"version-history":[{"count":1,"href":"https:\/\/www.egemtv.com\/index.php?rest_route=\/wp\/v2\/posts\/37427\/revisions"}],"predecessor-version":[{"id":37429,"href":"https:\/\/www.egemtv.com\/index.php?rest_route=\/wp\/v2\/posts\/37427\/revisions\/37429"}],"wp:featuredmedia":[{"embeddable":true,"href":"https:\/\/www.egemtv.com\/index.php?rest_route=\/wp\/v2\/media\/37428"}],"wp:attachment":[{"href":"https:\/\/www.egemtv.com\/index.php?rest_route=%2Fwp%2Fv2%2Fmedia&parent=37427"}],"wp:term":[{"taxonomy":"category","embeddable":true,"href":"https:\/\/www.egemtv.com\/index.php?rest_route=%2Fwp%2Fv2%2Fcategories&post=37427"},{"taxonomy":"post_tag","embeddable":true,"href":"https:\/\/www.egemtv.com\/index.php?rest_route=%2Fwp%2Fv2%2Ftags&post=37427"}],"curies":[{"name":"wp","href":"https:\/\/api.w.org\/{rel}","templated":true}]}}