{"id":37424,"date":"2025-06-24T13:36:14","date_gmt":"2025-06-24T10:36:14","guid":{"rendered":"https:\/\/www.egemtv.com\/?p=37424"},"modified":"2025-06-24T13:36:19","modified_gmt":"2025-06-24T10:36:19","slug":"vali-musa-isin-kultur-varliklarimizi-gelecek-nesillere-de-aktaracagiz","status":"publish","type":"post","link":"https:\/\/www.egemtv.com\/?p=37424","title":{"rendered":"Vali Musa I\u015f\u0131n: &#8220;K\u00fclt\u00fcr varl\u0131klar\u0131m\u0131z\u0131 gelecek nesillere de aktaraca\u011f\u0131z&#8221;"},"content":{"rendered":"<p>K\u00fctahya merkez ve il\u00e7e belediyelerinin y\u00fcr\u00fctmeyi planlad\u0131\u011f\u0131 kamula\u015ft\u0131rma, proje ve restorasyon \u00e7al\u0131\u015fmalar\u0131 i\u00e7in 2025 y\u0131l\u0131 1. d\u00f6nem Ta\u015f\u0131nmaz K\u00fclt\u00fcr Varl\u0131klar\u0131n\u0131 Koruma Katk\u0131 Pay\u0131 Da\u011f\u0131t\u0131m Toplant\u0131s\u0131, K\u00fctahya Valisi Musa I\u015f\u0131n\u2019\u0131n ba\u015fkanl\u0131\u011f\u0131nda yap\u0131ld\u0131.<br \/>\n<br \/>Valilik Toplant\u0131 Salonu\u2019nda d\u00fczenlenen toplant\u0131da, kent genelinde k\u00fclt\u00fcrel miras\u0131n korunmas\u0131na y\u00f6nelik bir\u00e7ok proje ele al\u0131nd\u0131.<br \/>\n<br \/>k\u00fctahya \u0130l \u00d6zel \u0130daresi taraf\u0131ndan y\u00fcr\u00fct\u00fclecek olan tescilli yap\u0131lar\u0131n kamula\u015ft\u0131rma, projelendirme, restorasyon ve bak\u0131m-onar\u0131m \u00e7al\u0131\u015fmalar\u0131.<br \/>\n<br \/>Toplant\u0131n\u0131n ard\u0131ndan de\u011ferlendirmelerde bulunan Vali Musa I\u015f\u0131n, K\u00fctahya\u2019n\u0131n tarihi ve k\u00fclt\u00fcrel zenginliklerinin korunmas\u0131n\u0131n b\u00fcy\u00fck \u00f6nem ta\u015f\u0131d\u0131\u011f\u0131n\u0131 vurgulayarak, &#8220;K\u00fclt\u00fcr varl\u0131klar\u0131m\u0131z\u0131 gelecek nesillere aktarmak amac\u0131yla haz\u0131rlanan bu projelere gerekli deste\u011fi vermeye devam edece\u011fiz&#8221; dedi.<br \/><\/p>\n","protected":false},"excerpt":{"rendered":"<p>K\u00fctahya merkez ve il\u00e7e belediyelerinin y\u00fcr\u00fctmeyi planlad\u0131\u011f\u0131 kamula\u015ft\u0131rma, proje ve restorasyon \u00e7al\u0131\u015fmalar\u0131 i\u00e7in 2025 y\u0131l\u0131 1. d\u00f6nem Ta\u015f\u0131nmaz K\u00fclt\u00fcr Varl\u0131klar\u0131n\u0131 Koruma Katk\u0131 Pay\u0131 Da\u011f\u0131t\u0131m Toplant\u0131s\u0131, K\u00fctahya Valisi Musa I\u015f\u0131n\u2019\u0131n ba\u015fkanl\u0131\u011f\u0131nda yap\u0131ld\u0131. Valilik Toplant\u0131 Salonu\u2019nda d\u00fczenlenen toplant\u0131da, kent genelinde k\u00fclt\u00fcrel miras\u0131n korunmas\u0131na y\u00f6nelik bir\u00e7ok proje ele al\u0131nd\u0131. k\u00fctahya \u0130l \u00d6zel \u0130daresi taraf\u0131ndan y\u00fcr\u00fct\u00fclecek olan tescilli yap\u0131lar\u0131n&#8230;<\/p>\n","protected":false},"author":1,"featured_media":37425,"comment_status":"open","ping_status":"open","sticky":false,"template":"","format":"standard","meta":{"_crdt_document":"","footnotes":""},"categories":[1],"tags":[],"class_list":["post-37424","post","type-post","status-publish","format-standard","has-post-thumbnail","hentry","category-guncel"],"_links":{"self":[{"href":"https:\/\/www.egemtv.com\/index.php?rest_route=\/wp\/v2\/posts\/37424","targetHints":{"allow":["GET"]}}],"collection":[{"href":"https:\/\/www.egemtv.com\/index.php?rest_route=\/wp\/v2\/posts"}],"about":[{"href":"https:\/\/www.egemtv.com\/index.php?rest_route=\/wp\/v2\/types\/post"}],"author":[{"embeddable":true,"href":"https:\/\/www.egemtv.com\/index.php?rest_route=\/wp\/v2\/users\/1"}],"replies":[{"embeddable":true,"href":"https:\/\/www.egemtv.com\/index.php?rest_route=%2Fwp%2Fv2%2Fcomments&post=37424"}],"version-history":[{"count":1,"href":"https:\/\/www.egemtv.com\/index.php?rest_route=\/wp\/v2\/posts\/37424\/revisions"}],"predecessor-version":[{"id":37426,"href":"https:\/\/www.egemtv.com\/index.php?rest_route=\/wp\/v2\/posts\/37424\/revisions\/37426"}],"wp:featuredmedia":[{"embeddable":true,"href":"https:\/\/www.egemtv.com\/index.php?rest_route=\/wp\/v2\/media\/37425"}],"wp:attachment":[{"href":"https:\/\/www.egemtv.com\/index.php?rest_route=%2Fwp%2Fv2%2Fmedia&parent=37424"}],"wp:term":[{"taxonomy":"category","embeddable":true,"href":"https:\/\/www.egemtv.com\/index.php?rest_route=%2Fwp%2Fv2%2Fcategories&post=37424"},{"taxonomy":"post_tag","embeddable":true,"href":"https:\/\/www.egemtv.com\/index.php?rest_route=%2Fwp%2Fv2%2Ftags&post=37424"}],"curies":[{"name":"wp","href":"https:\/\/api.w.org\/{rel}","templated":true}]}}