{"id":37421,"date":"2025-06-24T13:36:08","date_gmt":"2025-06-24T10:36:08","guid":{"rendered":"https:\/\/www.egemtv.com\/?p=37421"},"modified":"2025-06-24T13:36:14","modified_gmt":"2025-06-24T10:36:14","slug":"usakta-kurakliga-dayanikli-arpa-ve-bugdayin-hasadina-baslandi","status":"publish","type":"post","link":"https:\/\/www.egemtv.com\/?p=37421","title":{"rendered":"U\u015fak\u2019ta kurakl\u0131\u011fa dayan\u0131kl\u0131 arpa ve bu\u011fday\u0131n hasad\u0131na ba\u015fland\u0131"},"content":{"rendered":"<p>U\u015fak \u0130l Tar\u0131m ve Orman M\u00fcd\u00fcrl\u00fc\u011f\u00fc ve Tarla Bitkileri Merkez Ara\u015ft\u0131rma Enstit\u00fcs\u00fc i\u015f birli\u011finde d\u00fczenlenen; &#8220;Arpa, Bu\u011fday \u00c7e\u015fit Demonstrasyonu&#8221; tarla g\u00fcn\u00fc d\u00fczenlendi.<\/p>\n<p>U\u015fak merkeze ba\u011fl\u0131 Susuz\u00f6ren k\u00f6y\u00fcnde d\u00fczenlenen \u2018Arpa, Bu\u011fday \u00c7e\u015fit Demonstrasyonu\u2019 tarla g\u00fcn\u00fc etkinli\u011finde 1 \u00e7e\u015fit bu\u011fday ve 3 \u00e7e\u015fit arpa t\u00fcr\u00fc yer ald\u0131. Etkinlikte, kurakl\u0131\u011fa dayan\u0131kl\u0131 olan bu\u011fday \u00e7e\u015fidinde Demirhan, arpa \u00e7e\u015fidinde ise Avc\u0131 2002, Burak Bey ve Sinan Bey tohumlar\u0131 ekili olan alanda tan\u0131t\u0131ld\u0131.<br \/>\n<br \/>Programa, Vali Naci Akta\u015f, Vali Yard\u0131mc\u0131s\u0131 \u00d6nder Can, \u0130l Emniyet M\u00fcd\u00fcr\u00fc Mehmet Ali Kolcu, \u0130l Jandarma Komutan\u0131 K\u0131demli Albay Fahri Semiz, \u0130l Tar\u0131m ve Orman M\u00fcd\u00fcr\u00fc Serkan Bilir, Tarla Bitkileri Merkez Ara\u015ft\u0131rma Enstit\u00fcs\u00fc Arpa Islak B\u00f6l\u00fcm\u00fc Sorumlusu Namuk Erg\u00fcn ve kurum m\u00fcd\u00fcrleri kat\u0131ld\u0131.<\/p>\n<p>Burada konu\u015fma yapan Vali Akta\u015f; &#8220;Y\u0131llard\u0131r y\u00fcr\u00fct\u00fclen demonstrasyon projeleri vesileleri ile ilimizde hangi b\u00f6lgelerinde toprak niteli\u011fine g\u00f6re havas\u0131na, suyuna ve iklimine g\u00f6re hangi \u00e7e\u015fit ve y\u00f6ntem konusunda \u00fcretmemiz gerekti\u011fini y\u0131llara dayanan bir \u00e7al\u0131\u015fma yapm\u0131\u015flar. Bu \u00fcr\u00fcnlerin yerli ve milli olmas\u0131 bizim i\u00e7in ayr\u0131 bir iftihar kayna\u011f\u0131. Bu anlamda bu projenin y\u00fcr\u00fct\u00fclmesinde, bu \u00fcr\u00fcn \u00e7e\u015fitlili\u011finde verimlerin art\u0131r\u0131lmas\u0131nda katk\u0131s\u0131 olan t\u00fcm arkada\u015flar\u0131m\u0131za ayr\u0131 ayr\u0131 te\u015fekk\u00fcr ediyorum. \u00c7\u00fcnk\u00fc kendi tohumumuz gelece\u011fin teminat\u0131 oldu\u011fu net bir \u015fekilde bilmemiz laz\u0131m.&#8221; dedi.<br \/>\n<br \/>Programda, \u0130l Tar\u0131m ve Orman M\u00fcd\u00fcr\u00fc Serkan Bilir ve Tarla Bitkileri Merkez Ara\u015ft\u0131rma Enstit\u00fcs\u00fc Arpa Islak B\u00f6l\u00fcm\u00fc Sorumlusu Namuk Erg\u00fcn\u2019de konu\u015fma yapt\u0131.<br \/>\n<br \/>Konu\u015fmalar\u0131n ard\u0131ndan alanda eklini olan  1 \u00e7e\u015fit bu\u011fday ve 3 \u00e7e\u015fit arpa \u00e7e\u015fidinin hasad\u0131 yap\u0131ld\u0131.<br \/><\/p>\n","protected":false},"excerpt":{"rendered":"<p>U\u015fak \u0130l Tar\u0131m ve Orman M\u00fcd\u00fcrl\u00fc\u011f\u00fc ve Tarla Bitkileri Merkez Ara\u015ft\u0131rma Enstit\u00fcs\u00fc i\u015f birli\u011finde d\u00fczenlenen; &#8220;Arpa, Bu\u011fday \u00c7e\u015fit Demonstrasyonu&#8221; tarla g\u00fcn\u00fc d\u00fczenlendi. U\u015fak merkeze ba\u011fl\u0131 Susuz\u00f6ren k\u00f6y\u00fcnde d\u00fczenlenen \u2018Arpa, Bu\u011fday \u00c7e\u015fit Demonstrasyonu\u2019 tarla g\u00fcn\u00fc etkinli\u011finde 1 \u00e7e\u015fit bu\u011fday ve 3 \u00e7e\u015fit arpa t\u00fcr\u00fc yer ald\u0131. Etkinlikte, kurakl\u0131\u011fa dayan\u0131kl\u0131 olan bu\u011fday \u00e7e\u015fidinde Demirhan, arpa \u00e7e\u015fidinde ise&#8230;<\/p>\n","protected":false},"author":1,"featured_media":37422,"comment_status":"open","ping_status":"open","sticky":false,"template":"","format":"standard","meta":{"_crdt_document":"","footnotes":""},"categories":[125],"tags":[],"class_list":["post-37421","post","type-post","status-publish","format-standard","has-post-thumbnail","hentry","category-ekonomi"],"_links":{"self":[{"href":"https:\/\/www.egemtv.com\/index.php?rest_route=\/wp\/v2\/posts\/37421","targetHints":{"allow":["GET"]}}],"collection":[{"href":"https:\/\/www.egemtv.com\/index.php?rest_route=\/wp\/v2\/posts"}],"about":[{"href":"https:\/\/www.egemtv.com\/index.php?rest_route=\/wp\/v2\/types\/post"}],"author":[{"embeddable":true,"href":"https:\/\/www.egemtv.com\/index.php?rest_route=\/wp\/v2\/users\/1"}],"replies":[{"embeddable":true,"href":"https:\/\/www.egemtv.com\/index.php?rest_route=%2Fwp%2Fv2%2Fcomments&post=37421"}],"version-history":[{"count":1,"href":"https:\/\/www.egemtv.com\/index.php?rest_route=\/wp\/v2\/posts\/37421\/revisions"}],"predecessor-version":[{"id":37423,"href":"https:\/\/www.egemtv.com\/index.php?rest_route=\/wp\/v2\/posts\/37421\/revisions\/37423"}],"wp:featuredmedia":[{"embeddable":true,"href":"https:\/\/www.egemtv.com\/index.php?rest_route=\/wp\/v2\/media\/37422"}],"wp:attachment":[{"href":"https:\/\/www.egemtv.com\/index.php?rest_route=%2Fwp%2Fv2%2Fmedia&parent=37421"}],"wp:term":[{"taxonomy":"category","embeddable":true,"href":"https:\/\/www.egemtv.com\/index.php?rest_route=%2Fwp%2Fv2%2Fcategories&post=37421"},{"taxonomy":"post_tag","embeddable":true,"href":"https:\/\/www.egemtv.com\/index.php?rest_route=%2Fwp%2Fv2%2Ftags&post=37421"}],"curies":[{"name":"wp","href":"https:\/\/api.w.org\/{rel}","templated":true}]}}