{"id":37418,"date":"2025-06-24T13:16:29","date_gmt":"2025-06-24T10:16:29","guid":{"rendered":"https:\/\/www.egemtv.com\/?p=37418"},"modified":"2025-06-24T13:16:34","modified_gmt":"2025-06-24T10:16:34","slug":"kadina-siddet-ve-cocuk-koruma-konulari-salihlide-masaya-yatirildi","status":"publish","type":"post","link":"https:\/\/www.egemtv.com\/?p=37418","title":{"rendered":"Kad\u0131na \u015fiddet ve \u00e7ocuk koruma konular\u0131 Salihli\u2019de masaya yat\u0131r\u0131ld\u0131"},"content":{"rendered":"<p>Manisa\u2019n\u0131n Salihli il\u00e7esinde, Kad\u0131na Y\u00f6nelik \u015eiddetle M\u00fccadele ve \u00c7ocuk Koruma \u0130l\u00e7e Koordinasyon Kurulu Toplant\u0131s\u0131, Kaymakam Ali G\u00fcldo\u011fan ba\u015fkanl\u0131\u011f\u0131nda ger\u00e7ekle\u015ftirildi.<br \/>\n<br \/>Kad\u0131na Y\u00f6nelik \u015eiddetle M\u00fccadele konusunda kamuoyu fark\u0131ndal\u0131\u011f\u0131n\u0131 art\u0131rmak, toplumsal bilinci y\u00fckseltmek, kurumlar aras\u0131 i\u015f birli\u011fi ve koordinasyonun sa\u011flanmas\u0131 amac\u0131yla &#8220;Kad\u0131na Y\u00f6nelik \u015eiddetle M\u00fccadele Koordinasyon, \u0130zleme ve De\u011ferlendirme Toplant\u0131s\u0131&#8221; ve &#8220;\u00c7ocuk Koordinasyon Kurulu Toplant\u0131s\u0131&#8221; Kaymakam Ali G\u00fcldo\u011fan ba\u015fkanl\u0131\u011f\u0131nda Salihli Sosyal Hizmet Merkezi Toplant\u0131 Salonu\u2019nda yap\u0131ld\u0131.<br \/>\n<br \/>Toplant\u0131da, Kad\u0131na Y\u00f6nelik \u015eiddet ve \u00c7ocuk Koruma hakk\u0131nda il\u00e7emizde y\u00fcr\u00fct\u00fclen \u00e7al\u0131\u015fmalar g\u00f6zden ge\u00e7irilerek kurumlar\u0131n i\u015f birli\u011fi ve koordinasyon i\u00e7inde \u00e7al\u0131\u015fman\u0131n, sa\u011flanmas\u0131 i\u00e7in at\u0131lacak olan ad\u0131mlar g\u00f6r\u00fc\u015f\u00fcld\u00fc. Toplant\u0131, g\u00f6r\u00fc\u015f ve \u00f6nerilerin de\u011ferlendirilmesinin ard\u0131ndan sona erdi.<br \/>\n<br \/>Kaymakam Ali G\u00fcldo\u011fan Ba\u015fkanl\u0131\u011f\u0131\u2019ndaki toplant\u0131ya \u0130l\u00e7e Emniyet M\u00fcd\u00fcr\u00fc Burhan Demirk\u0131ran, \u0130l\u00e7e Jandarma Komutan\u0131 Binba\u015f\u0131 Do\u011fukan Karaaslan, \u0130l\u00e7e Gen\u00e7lik ve Spor M\u00fcd\u00fcr\u00fc Oktay Ayaz, \u0130l\u00e7e Milli E\u011fitim M\u00fcd\u00fcr\u00fc Mahmut Yenen, Sosyal Hizmet Merkezi M\u00fcd\u00fcr\u00fc Alim Yavuz kat\u0131ld\u0131.<br \/><\/p>\n","protected":false},"excerpt":{"rendered":"<p>Manisa\u2019n\u0131n Salihli il\u00e7esinde, Kad\u0131na Y\u00f6nelik \u015eiddetle M\u00fccadele ve \u00c7ocuk Koruma \u0130l\u00e7e Koordinasyon Kurulu Toplant\u0131s\u0131, Kaymakam Ali G\u00fcldo\u011fan ba\u015fkanl\u0131\u011f\u0131nda ger\u00e7ekle\u015ftirildi. Kad\u0131na Y\u00f6nelik \u015eiddetle M\u00fccadele konusunda kamuoyu fark\u0131ndal\u0131\u011f\u0131n\u0131 art\u0131rmak, toplumsal bilinci y\u00fckseltmek, kurumlar aras\u0131 i\u015f birli\u011fi ve koordinasyonun sa\u011flanmas\u0131 amac\u0131yla &#8220;Kad\u0131na Y\u00f6nelik \u015eiddetle M\u00fccadele Koordinasyon, \u0130zleme ve De\u011ferlendirme Toplant\u0131s\u0131&#8221; ve &#8220;\u00c7ocuk Koordinasyon Kurulu Toplant\u0131s\u0131&#8221; Kaymakam Ali G\u00fcldo\u011fan&#8230;<\/p>\n","protected":false},"author":1,"featured_media":37419,"comment_status":"open","ping_status":"open","sticky":false,"template":"","format":"standard","meta":{"_crdt_document":"","footnotes":""},"categories":[5],"tags":[],"class_list":["post-37418","post","type-post","status-publish","format-standard","has-post-thumbnail","hentry","category-asayis"],"_links":{"self":[{"href":"https:\/\/www.egemtv.com\/index.php?rest_route=\/wp\/v2\/posts\/37418","targetHints":{"allow":["GET"]}}],"collection":[{"href":"https:\/\/www.egemtv.com\/index.php?rest_route=\/wp\/v2\/posts"}],"about":[{"href":"https:\/\/www.egemtv.com\/index.php?rest_route=\/wp\/v2\/types\/post"}],"author":[{"embeddable":true,"href":"https:\/\/www.egemtv.com\/index.php?rest_route=\/wp\/v2\/users\/1"}],"replies":[{"embeddable":true,"href":"https:\/\/www.egemtv.com\/index.php?rest_route=%2Fwp%2Fv2%2Fcomments&post=37418"}],"version-history":[{"count":1,"href":"https:\/\/www.egemtv.com\/index.php?rest_route=\/wp\/v2\/posts\/37418\/revisions"}],"predecessor-version":[{"id":37420,"href":"https:\/\/www.egemtv.com\/index.php?rest_route=\/wp\/v2\/posts\/37418\/revisions\/37420"}],"wp:featuredmedia":[{"embeddable":true,"href":"https:\/\/www.egemtv.com\/index.php?rest_route=\/wp\/v2\/media\/37419"}],"wp:attachment":[{"href":"https:\/\/www.egemtv.com\/index.php?rest_route=%2Fwp%2Fv2%2Fmedia&parent=37418"}],"wp:term":[{"taxonomy":"category","embeddable":true,"href":"https:\/\/www.egemtv.com\/index.php?rest_route=%2Fwp%2Fv2%2Fcategories&post=37418"},{"taxonomy":"post_tag","embeddable":true,"href":"https:\/\/www.egemtv.com\/index.php?rest_route=%2Fwp%2Fv2%2Ftags&post=37418"}],"curies":[{"name":"wp","href":"https:\/\/api.w.org\/{rel}","templated":true}]}}