{"id":37415,"date":"2025-06-24T12:57:31","date_gmt":"2025-06-24T09:57:31","guid":{"rendered":"https:\/\/www.egemtv.com\/?p=37415"},"modified":"2025-06-24T12:57:35","modified_gmt":"2025-06-24T09:57:35","slug":"baskan-cercioglu-sali-pazarinda-vatandaslarla-bulustu","status":"publish","type":"post","link":"https:\/\/www.egemtv.com\/?p=37415","title":{"rendered":"Ba\u015fkan \u00c7er\u00e7io\u011flu Sal\u0131 Pazar\u0131\u2019nda vatanda\u015flarla bulu\u015ftu"},"content":{"rendered":"<p>Ayd\u0131n B\u00fcy\u00fck\u015fehir Belediye Ba\u015fkan\u0131 \u00d6zlem \u00c7er\u00e7io\u011flu, Efeler il\u00e7esinde kurulan Sal\u0131 Pazar\u0131\u2019n\u0131 ziyaret ederek hem vatanda\u015flarla hem de pazarc\u0131 esnaf\u0131yla bir araya geldi.<\/p>\n<p>Sabah saatlerinde pazar alan\u0131na gelen Ba\u015fkan \u00c7er\u00e7io\u011flu, tezgah a\u00e7an esnafa \u2019hay\u0131rl\u0131 i\u015fler\u2019 dileklerinde bulunarak bol kazan\u00e7 temennisinde bulundu. Ziyareti s\u0131ras\u0131nda pazarda al\u0131\u015fveri\u015f yapan vatanda\u015flarla da birebir sohbet eden Ba\u015fkan \u00c7er\u00e7io\u011flu, vatanda\u015flar\u0131n istek ve \u00f6nerilerini dinledi. Pazarc\u0131 esnaf\u0131, Ba\u015fkan \u00c7er\u00e7io\u011flu\u2019nun ziyaretinden memnuniyet duyduklar\u0131n\u0131 belirterek desteklerinden dolay\u0131 te\u015fekk\u00fcr etti. Vatanda\u015flar ise belediye hizmetlerinden duyduklar\u0131 memnuniyeti dile getirerek, ba\u015fkanla do\u011frudan temas kurabilmenin kendilerini mutlu etti\u011fini ifade etti.<br \/><\/p>\n","protected":false},"excerpt":{"rendered":"<p>Ayd\u0131n B\u00fcy\u00fck\u015fehir Belediye Ba\u015fkan\u0131 \u00d6zlem \u00c7er\u00e7io\u011flu, Efeler il\u00e7esinde kurulan Sal\u0131 Pazar\u0131\u2019n\u0131 ziyaret ederek hem vatanda\u015flarla hem de pazarc\u0131 esnaf\u0131yla bir araya geldi. Sabah saatlerinde pazar alan\u0131na gelen Ba\u015fkan \u00c7er\u00e7io\u011flu, tezgah a\u00e7an esnafa \u2019hay\u0131rl\u0131 i\u015fler\u2019 dileklerinde bulunarak bol kazan\u00e7 temennisinde bulundu. Ziyareti s\u0131ras\u0131nda pazarda al\u0131\u015fveri\u015f yapan vatanda\u015flarla da birebir sohbet eden Ba\u015fkan \u00c7er\u00e7io\u011flu, vatanda\u015flar\u0131n istek ve&#8230;<\/p>\n","protected":false},"author":1,"featured_media":37416,"comment_status":"open","ping_status":"open","sticky":false,"template":"","format":"standard","meta":{"_crdt_document":"","footnotes":""},"categories":[1],"tags":[],"class_list":["post-37415","post","type-post","status-publish","format-standard","has-post-thumbnail","hentry","category-guncel"],"_links":{"self":[{"href":"https:\/\/www.egemtv.com\/index.php?rest_route=\/wp\/v2\/posts\/37415","targetHints":{"allow":["GET"]}}],"collection":[{"href":"https:\/\/www.egemtv.com\/index.php?rest_route=\/wp\/v2\/posts"}],"about":[{"href":"https:\/\/www.egemtv.com\/index.php?rest_route=\/wp\/v2\/types\/post"}],"author":[{"embeddable":true,"href":"https:\/\/www.egemtv.com\/index.php?rest_route=\/wp\/v2\/users\/1"}],"replies":[{"embeddable":true,"href":"https:\/\/www.egemtv.com\/index.php?rest_route=%2Fwp%2Fv2%2Fcomments&post=37415"}],"version-history":[{"count":1,"href":"https:\/\/www.egemtv.com\/index.php?rest_route=\/wp\/v2\/posts\/37415\/revisions"}],"predecessor-version":[{"id":37417,"href":"https:\/\/www.egemtv.com\/index.php?rest_route=\/wp\/v2\/posts\/37415\/revisions\/37417"}],"wp:featuredmedia":[{"embeddable":true,"href":"https:\/\/www.egemtv.com\/index.php?rest_route=\/wp\/v2\/media\/37416"}],"wp:attachment":[{"href":"https:\/\/www.egemtv.com\/index.php?rest_route=%2Fwp%2Fv2%2Fmedia&parent=37415"}],"wp:term":[{"taxonomy":"category","embeddable":true,"href":"https:\/\/www.egemtv.com\/index.php?rest_route=%2Fwp%2Fv2%2Fcategories&post=37415"},{"taxonomy":"post_tag","embeddable":true,"href":"https:\/\/www.egemtv.com\/index.php?rest_route=%2Fwp%2Fv2%2Ftags&post=37415"}],"curies":[{"name":"wp","href":"https:\/\/api.w.org\/{rel}","templated":true}]}}