{"id":37412,"date":"2025-06-24T12:57:26","date_gmt":"2025-06-24T09:57:26","guid":{"rendered":"https:\/\/www.egemtv.com\/?p=37412"},"modified":"2025-06-24T12:57:31","modified_gmt":"2025-06-24T09:57:31","slug":"yunusemreli-judocular-kutahyada-manisanin-gururu-oldu","status":"publish","type":"post","link":"https:\/\/www.egemtv.com\/?p=37412","title":{"rendered":"Yunusemreli judocular K\u00fctahya\u2019da Manisa\u2019n\u0131n gururu oldu"},"content":{"rendered":"<p>Yunusemre Belediyespor\u2019un judocular\u0131, K\u00fctahya\u2019da d\u00fczenlenen Spor Toto Y\u0131ld\u0131zlar T\u00fcrkiye Judo \u015eampiyonas\u0131\u2019nda \u00fc\u00e7 madalya kazanarak Manisa\u2019y\u0131 gururland\u0131rd\u0131.<br \/>\n<br \/>T\u00fcrkiye Judo Federasyonu\u2019nun 2025 y\u0131l\u0131 faaliyet program\u0131nda yer alan Spor Toto Y\u0131ld\u0131zlar T\u00fcrkiye Judo \u015eampiyonas\u0131, 66 ilden bin 101 sporcunun kat\u0131l\u0131m\u0131yla K\u00fctahya\u2019da ger\u00e7ekle\u015ftirildi. M\u00fcsabakalarda Manisa\u2019y\u0131 temsil eden Yunusemre Belediyespor\u2019un judocular\u0131, g\u00f6sterdikleri performansla \u00fc\u00e7 madalyan\u0131n sahibi oldu. \u015eampiyonada 36 kiloda Rabia Tekin, 40 kiloda Elif \u015ean\u0131er ve 60 kiloda Poyraz \u00c7akal bronz madalyaya imza atarak T\u00fcrkiye \u00fc\u00e7\u00fcnc\u00fcl\u00fc\u011f\u00fc sevincini ya\u015fad\u0131. Yunusemre Belediyespor Ba\u015fkan\u0131 B\u00fclent Kanik yapt\u0131\u011f\u0131 a\u00e7\u0131klamada, sporcu ve antren\u00f6rleri tebrik ederek, desteklerinden \u00f6t\u00fcr\u00fc Yunusemre Belediye Ba\u015fkan\u0131 Semih Balaban\u2019a te\u015fekk\u00fcr etti. G\u00fc\u00e7l\u00fc bir altyap\u0131 ile T\u00fcrk judosuna hizmet ettiklerini vurgulayan Kanik, sporcular\u0131n milli tak\u0131m seviyesinde de \u00fclkemize madalyalar kazand\u0131raca\u011f\u0131na inand\u0131\u011f\u0131n\u0131 s\u00f6yledi ve t\u00fcm ekibe gelecekteki m\u00fcsabakalar\u0131nda ba\u015far\u0131lar diledi.<br \/><\/p>\n","protected":false},"excerpt":{"rendered":"<p>Yunusemre Belediyespor\u2019un judocular\u0131, K\u00fctahya\u2019da d\u00fczenlenen Spor Toto Y\u0131ld\u0131zlar T\u00fcrkiye Judo \u015eampiyonas\u0131\u2019nda \u00fc\u00e7 madalya kazanarak Manisa\u2019y\u0131 gururland\u0131rd\u0131. T\u00fcrkiye Judo Federasyonu\u2019nun 2025 y\u0131l\u0131 faaliyet program\u0131nda yer alan Spor Toto Y\u0131ld\u0131zlar T\u00fcrkiye Judo \u015eampiyonas\u0131, 66 ilden bin 101 sporcunun kat\u0131l\u0131m\u0131yla K\u00fctahya\u2019da ger\u00e7ekle\u015ftirildi. M\u00fcsabakalarda Manisa\u2019y\u0131 temsil eden Yunusemre Belediyespor\u2019un judocular\u0131, g\u00f6sterdikleri performansla \u00fc\u00e7 madalyan\u0131n sahibi oldu. \u015eampiyonada 36 kiloda&#8230;<\/p>\n","protected":false},"author":1,"featured_media":37413,"comment_status":"open","ping_status":"open","sticky":false,"template":"","format":"standard","meta":{"_crdt_document":"","footnotes":""},"categories":[4],"tags":[],"class_list":["post-37412","post","type-post","status-publish","format-standard","has-post-thumbnail","hentry","category-spor"],"_links":{"self":[{"href":"https:\/\/www.egemtv.com\/index.php?rest_route=\/wp\/v2\/posts\/37412","targetHints":{"allow":["GET"]}}],"collection":[{"href":"https:\/\/www.egemtv.com\/index.php?rest_route=\/wp\/v2\/posts"}],"about":[{"href":"https:\/\/www.egemtv.com\/index.php?rest_route=\/wp\/v2\/types\/post"}],"author":[{"embeddable":true,"href":"https:\/\/www.egemtv.com\/index.php?rest_route=\/wp\/v2\/users\/1"}],"replies":[{"embeddable":true,"href":"https:\/\/www.egemtv.com\/index.php?rest_route=%2Fwp%2Fv2%2Fcomments&post=37412"}],"version-history":[{"count":1,"href":"https:\/\/www.egemtv.com\/index.php?rest_route=\/wp\/v2\/posts\/37412\/revisions"}],"predecessor-version":[{"id":37414,"href":"https:\/\/www.egemtv.com\/index.php?rest_route=\/wp\/v2\/posts\/37412\/revisions\/37414"}],"wp:featuredmedia":[{"embeddable":true,"href":"https:\/\/www.egemtv.com\/index.php?rest_route=\/wp\/v2\/media\/37413"}],"wp:attachment":[{"href":"https:\/\/www.egemtv.com\/index.php?rest_route=%2Fwp%2Fv2%2Fmedia&parent=37412"}],"wp:term":[{"taxonomy":"category","embeddable":true,"href":"https:\/\/www.egemtv.com\/index.php?rest_route=%2Fwp%2Fv2%2Fcategories&post=37412"},{"taxonomy":"post_tag","embeddable":true,"href":"https:\/\/www.egemtv.com\/index.php?rest_route=%2Fwp%2Fv2%2Ftags&post=37412"}],"curies":[{"name":"wp","href":"https:\/\/api.w.org\/{rel}","templated":true}]}}