{"id":37409,"date":"2025-06-24T12:57:22","date_gmt":"2025-06-24T09:57:22","guid":{"rendered":"https:\/\/www.egemtv.com\/?p=37409"},"modified":"2025-06-24T12:57:26","modified_gmt":"2025-06-24T09:57:26","slug":"kahreden-olum-minik-nazli-havuza-dusup-hayatini-kaybetti","status":"publish","type":"post","link":"https:\/\/www.egemtv.com\/?p=37409","title":{"rendered":"Kahreden \u00f6l\u00fcm: Minik Nazl\u0131 havuza d\u00fc\u015f\u00fcp hayat\u0131n\u0131 kaybetti"},"content":{"rendered":"<p>\u0130zmir\u2019in Urla il\u00e7esine tatil i\u00e7in gelen Sar\u0131l Ailesi\u2019nin 3 ya\u015f\u0131ndaki k\u0131zlar\u0131 Nazl\u0131 Sar\u0131l, sitenin havuzuna d\u00fc\u015fmesi sonucu bo\u011fularak hayat\u0131n\u0131 kaybetti.<br \/>\n<br \/>Olay, ge\u00e7ti\u011fimiz pazar g\u00fcn\u00fc Urla il\u00e7esi Zeytinler Mahallesi\u2019nde meydana geldi. Edinilen bilgiye g\u00f6re, Manisa\u2019n\u0131n Akhisar il\u00e7esinde Organize Sanayi B\u00f6lgesi\u2019nde (OSB) bir i\u015fletmede \u00e7al\u0131\u015fan Emrah Sar\u0131l, e\u015fi Ayg\u00fcl Sar\u0131l, 3 ya\u015f\u0131ndaki k\u0131zlar\u0131 Nazl\u0131 Sar\u0131l ve yak\u0131nlar\u0131 ile birlikte, tatil yapmak ve dinlenmek amac\u0131yla \u0130zmir\u2019in Urla il\u00e7esinde havuzlu bir ev kiralad\u0131. Aile kiralad\u0131klar\u0131 eve yerle\u015ftikleri s\u0131rada, iddiaya g\u00f6re Nazl\u0131 bir anda g\u00f6zden kayboldu. K\u0131zlar\u0131n\u0131n evin bah\u00e7esindeki havuza d\u00fc\u015ft\u00fc\u011f\u00fcn\u00fc farkeden aile fertleri, hemen havuza ko\u015farak Nazl\u0131\u2019y\u0131 \u00e7\u0131kard\u0131. \u0130hbar \u00fczerine k\u0131sa s\u00fcrede eve gelen sa\u011fl\u0131k ekipleri, minik Nazl\u0131\u2019y\u0131 Urla Devlet Hastanesi\u2019ne kald\u0131rd\u0131. Ancak yap\u0131lan t\u00fcm m\u00fcdahalelere ra\u011fmen talihsiz \u00e7ocuk kurtar\u0131lamad\u0131. Olayla ilgili soru\u015fturma s\u00fcrerken, Nazl\u0131 Sar\u0131l\u2019\u0131n cenazesi, n\u00f6bet\u00e7i savc\u0131n\u0131n talimat\u0131yla otopsi yap\u0131lmak \u00fczere \u0130zmir Adli T\u0131p Kurumu\u2019na g\u00f6nderildi.<br \/>\n<br \/>Minik Nazl\u0131, bug\u00fcn ikindi namaz\u0131n\u0131 m\u00fcteakip memleketi Akhisar il\u00e7esinde topra\u011fa verilecek.<br \/><\/p>\n","protected":false},"excerpt":{"rendered":"<p>\u0130zmir\u2019in Urla il\u00e7esine tatil i\u00e7in gelen Sar\u0131l Ailesi\u2019nin 3 ya\u015f\u0131ndaki k\u0131zlar\u0131 Nazl\u0131 Sar\u0131l, sitenin havuzuna d\u00fc\u015fmesi sonucu bo\u011fularak hayat\u0131n\u0131 kaybetti. Olay, ge\u00e7ti\u011fimiz pazar g\u00fcn\u00fc Urla il\u00e7esi Zeytinler Mahallesi\u2019nde meydana geldi. Edinilen bilgiye g\u00f6re, Manisa\u2019n\u0131n Akhisar il\u00e7esinde Organize Sanayi B\u00f6lgesi\u2019nde (OSB) bir i\u015fletmede \u00e7al\u0131\u015fan Emrah Sar\u0131l, e\u015fi Ayg\u00fcl Sar\u0131l, 3 ya\u015f\u0131ndaki k\u0131zlar\u0131 Nazl\u0131 Sar\u0131l ve yak\u0131nlar\u0131&#8230;<\/p>\n","protected":false},"author":1,"featured_media":37410,"comment_status":"open","ping_status":"open","sticky":false,"template":"","format":"standard","meta":{"_crdt_document":"","footnotes":""},"categories":[5],"tags":[],"class_list":["post-37409","post","type-post","status-publish","format-standard","has-post-thumbnail","hentry","category-asayis"],"_links":{"self":[{"href":"https:\/\/www.egemtv.com\/index.php?rest_route=\/wp\/v2\/posts\/37409","targetHints":{"allow":["GET"]}}],"collection":[{"href":"https:\/\/www.egemtv.com\/index.php?rest_route=\/wp\/v2\/posts"}],"about":[{"href":"https:\/\/www.egemtv.com\/index.php?rest_route=\/wp\/v2\/types\/post"}],"author":[{"embeddable":true,"href":"https:\/\/www.egemtv.com\/index.php?rest_route=\/wp\/v2\/users\/1"}],"replies":[{"embeddable":true,"href":"https:\/\/www.egemtv.com\/index.php?rest_route=%2Fwp%2Fv2%2Fcomments&post=37409"}],"version-history":[{"count":1,"href":"https:\/\/www.egemtv.com\/index.php?rest_route=\/wp\/v2\/posts\/37409\/revisions"}],"predecessor-version":[{"id":37411,"href":"https:\/\/www.egemtv.com\/index.php?rest_route=\/wp\/v2\/posts\/37409\/revisions\/37411"}],"wp:featuredmedia":[{"embeddable":true,"href":"https:\/\/www.egemtv.com\/index.php?rest_route=\/wp\/v2\/media\/37410"}],"wp:attachment":[{"href":"https:\/\/www.egemtv.com\/index.php?rest_route=%2Fwp%2Fv2%2Fmedia&parent=37409"}],"wp:term":[{"taxonomy":"category","embeddable":true,"href":"https:\/\/www.egemtv.com\/index.php?rest_route=%2Fwp%2Fv2%2Fcategories&post=37409"},{"taxonomy":"post_tag","embeddable":true,"href":"https:\/\/www.egemtv.com\/index.php?rest_route=%2Fwp%2Fv2%2Ftags&post=37409"}],"curies":[{"name":"wp","href":"https:\/\/api.w.org\/{rel}","templated":true}]}}