{"id":37403,"date":"2025-06-24T12:36:17","date_gmt":"2025-06-24T09:36:17","guid":{"rendered":"https:\/\/www.egemtv.com\/?p=37403"},"modified":"2025-06-24T12:36:21","modified_gmt":"2025-06-24T09:36:21","slug":"polis-bir-hafta-boyunca-yaptigi-denetimlerde-uyusturucu-bicak-ve-silah-ele-gecirdi","status":"publish","type":"post","link":"https:\/\/www.egemtv.com\/?p=37403","title":{"rendered":"Polis bir hafta boyunca yapt\u0131\u011f\u0131 denetimlerde uyu\u015fturucu, b\u0131\u00e7ak ve silah ele ge\u00e7irdi"},"content":{"rendered":"<p>Afyonkarahisar\u2019da polis taraf\u0131ndan son bir hafta i\u00e7erisinde ger\u00e7ekle\u015ftirilen g\u00fcvenlik ev asayi\u015f denetimlerinde \u00e7e\u015fitli su\u00e7lardan aranan 26 ki\u015fi yakalan\u0131rken, ayr\u0131ca 6,3 gram uyu\u015fturucu ile 126 adet uyu\u015fturucu haplar ele ge\u00e7irildi.<br \/>\n<br \/>\u0130l Emniyet M\u00fcd\u00fcrl\u00fc\u011f\u00fcne ba\u011fl\u0131 ekipler16-23 Haziran tarihleri aras\u0131nda g\u00fcvenlik ve asayi\u015f uygulamas\u0131 ger\u00e7ekle\u015ftirdi. Denetimlerde hapis ve ifadesi al\u0131nmak \u00fczere aranan 26 ki\u015fi yakalan\u0131rken ayr\u0131ca 8 bin 463 \u015fahs\u0131n ve bin 929 arac\u0131n sorgulamas\u0131 yap\u0131ld\u0131. Denetimlerde ayr\u0131ca 7 t\u00fcfek, 1 kurus\u0131k\u0131 tabanca, 17 b\u0131\u00e7ak, 6,3 gr uyu\u015fturucu madde, 126 adet sentetik ecza maddesi ve 2 adet uyu\u015fturucu madde emdirilmi\u015f pe\u00e7ete ele ge\u00e7irildi. Ele ge\u00e7irilen b\u0131\u00e7aklarla ilgili 17 ki\u015fiye 50 bin 201 TL para cezas\u0131 kesilirken, 59 \u015fahsa ve 74 araca da idari para cezas\u0131 uyguland\u0131.<br \/><\/p>\n","protected":false},"excerpt":{"rendered":"<p>Afyonkarahisar\u2019da polis taraf\u0131ndan son bir hafta i\u00e7erisinde ger\u00e7ekle\u015ftirilen g\u00fcvenlik ev asayi\u015f denetimlerinde \u00e7e\u015fitli su\u00e7lardan aranan 26 ki\u015fi yakalan\u0131rken, ayr\u0131ca 6,3 gram uyu\u015fturucu ile 126 adet uyu\u015fturucu haplar ele ge\u00e7irildi. \u0130l Emniyet M\u00fcd\u00fcrl\u00fc\u011f\u00fcne ba\u011fl\u0131 ekipler16-23 Haziran tarihleri aras\u0131nda g\u00fcvenlik ve asayi\u015f uygulamas\u0131 ger\u00e7ekle\u015ftirdi. Denetimlerde hapis ve ifadesi al\u0131nmak \u00fczere aranan 26 ki\u015fi yakalan\u0131rken ayr\u0131ca 8 bin&#8230;<\/p>\n","protected":false},"author":1,"featured_media":37404,"comment_status":"open","ping_status":"open","sticky":false,"template":"","format":"standard","meta":{"_crdt_document":"","footnotes":""},"categories":[5],"tags":[],"class_list":["post-37403","post","type-post","status-publish","format-standard","has-post-thumbnail","hentry","category-asayis"],"_links":{"self":[{"href":"https:\/\/www.egemtv.com\/index.php?rest_route=\/wp\/v2\/posts\/37403","targetHints":{"allow":["GET"]}}],"collection":[{"href":"https:\/\/www.egemtv.com\/index.php?rest_route=\/wp\/v2\/posts"}],"about":[{"href":"https:\/\/www.egemtv.com\/index.php?rest_route=\/wp\/v2\/types\/post"}],"author":[{"embeddable":true,"href":"https:\/\/www.egemtv.com\/index.php?rest_route=\/wp\/v2\/users\/1"}],"replies":[{"embeddable":true,"href":"https:\/\/www.egemtv.com\/index.php?rest_route=%2Fwp%2Fv2%2Fcomments&post=37403"}],"version-history":[{"count":1,"href":"https:\/\/www.egemtv.com\/index.php?rest_route=\/wp\/v2\/posts\/37403\/revisions"}],"predecessor-version":[{"id":37405,"href":"https:\/\/www.egemtv.com\/index.php?rest_route=\/wp\/v2\/posts\/37403\/revisions\/37405"}],"wp:featuredmedia":[{"embeddable":true,"href":"https:\/\/www.egemtv.com\/index.php?rest_route=\/wp\/v2\/media\/37404"}],"wp:attachment":[{"href":"https:\/\/www.egemtv.com\/index.php?rest_route=%2Fwp%2Fv2%2Fmedia&parent=37403"}],"wp:term":[{"taxonomy":"category","embeddable":true,"href":"https:\/\/www.egemtv.com\/index.php?rest_route=%2Fwp%2Fv2%2Fcategories&post=37403"},{"taxonomy":"post_tag","embeddable":true,"href":"https:\/\/www.egemtv.com\/index.php?rest_route=%2Fwp%2Fv2%2Ftags&post=37403"}],"curies":[{"name":"wp","href":"https:\/\/api.w.org\/{rel}","templated":true}]}}