{"id":37394,"date":"2025-06-24T12:16:45","date_gmt":"2025-06-24T09:16:45","guid":{"rendered":"https:\/\/www.egemtv.com\/?p=37394"},"modified":"2025-06-24T12:16:49","modified_gmt":"2025-06-24T09:16:49","slug":"salihlili-judocular-delibay-ve-kilkis-bronz-madalya-kazandi","status":"publish","type":"post","link":"https:\/\/www.egemtv.com\/?p=37394","title":{"rendered":"Salihlili judocular, Delibay ve K\u0131lk\u0131\u015f bronz madalya kazand\u0131"},"content":{"rendered":"<p>K\u00fctahya\u2019da d\u00fczenlenen Y\u0131ld\u0131zlar T\u00fcrkiye \u015eampiyonas\u0131\u2019nda, Manisa\u2019n\u0131n Salihli il\u00e7esi sporcular\u0131ndan G\u00f6ksu Delibay 57 kiloda, Hira K\u0131lk\u0131\u015f 70 kiloda bronz madalya kazand\u0131.<br \/>\n<br \/>Spor Toto T\u00fcrkiye Y\u0131ld\u0131zlar Judo \u015eampiyonas\u0131, 66 ilden bin 101 sporcunun kat\u0131l\u0131m\u0131yla K\u00fctahya Yeni Spor Salonu\u2019nda d\u00fczenlendi. \u015eampiyonada Salihlili sporculardan G\u00f6ksu Delibay 57 kiloda, Hira K\u0131lk\u0131\u015f 70 kiloda T\u00fcrkiye 3.oldu. Delibay ve K\u0131lk\u0131\u015f, bu ba\u015far\u0131yla bronz madalya kazand\u0131. \u015eampiyonada ayr\u0131ca Efe Ko\u00e7ak 60 kiloda 5. olurken, Zeynep Sa\u011f\u0131r 63 kiloda, Esmasu D\u00fcndar 70 kiloda 9. oldu.<br \/>\n<br \/>Salihli \u0130l\u00e7e Gen\u00e7lik ve Spor M\u00fcd\u00fcr\u00fc Oktay Ayaz, sporcular\u0131 tebrik edip, ba\u015far\u0131lar\u0131n\u0131n artarak devam etmesini diledi.<br \/><\/p>\n","protected":false},"excerpt":{"rendered":"<p>K\u00fctahya\u2019da d\u00fczenlenen Y\u0131ld\u0131zlar T\u00fcrkiye \u015eampiyonas\u0131\u2019nda, Manisa\u2019n\u0131n Salihli il\u00e7esi sporcular\u0131ndan G\u00f6ksu Delibay 57 kiloda, Hira K\u0131lk\u0131\u015f 70 kiloda bronz madalya kazand\u0131. Spor Toto T\u00fcrkiye Y\u0131ld\u0131zlar Judo \u015eampiyonas\u0131, 66 ilden bin 101 sporcunun kat\u0131l\u0131m\u0131yla K\u00fctahya Yeni Spor Salonu\u2019nda d\u00fczenlendi. \u015eampiyonada Salihlili sporculardan G\u00f6ksu Delibay 57 kiloda, Hira K\u0131lk\u0131\u015f 70 kiloda T\u00fcrkiye 3.oldu. Delibay ve K\u0131lk\u0131\u015f, bu ba\u015far\u0131yla&#8230;<\/p>\n","protected":false},"author":1,"featured_media":37395,"comment_status":"open","ping_status":"open","sticky":false,"template":"","format":"standard","meta":{"_crdt_document":"","footnotes":""},"categories":[4],"tags":[],"class_list":["post-37394","post","type-post","status-publish","format-standard","has-post-thumbnail","hentry","category-spor"],"_links":{"self":[{"href":"https:\/\/www.egemtv.com\/index.php?rest_route=\/wp\/v2\/posts\/37394","targetHints":{"allow":["GET"]}}],"collection":[{"href":"https:\/\/www.egemtv.com\/index.php?rest_route=\/wp\/v2\/posts"}],"about":[{"href":"https:\/\/www.egemtv.com\/index.php?rest_route=\/wp\/v2\/types\/post"}],"author":[{"embeddable":true,"href":"https:\/\/www.egemtv.com\/index.php?rest_route=\/wp\/v2\/users\/1"}],"replies":[{"embeddable":true,"href":"https:\/\/www.egemtv.com\/index.php?rest_route=%2Fwp%2Fv2%2Fcomments&post=37394"}],"version-history":[{"count":1,"href":"https:\/\/www.egemtv.com\/index.php?rest_route=\/wp\/v2\/posts\/37394\/revisions"}],"predecessor-version":[{"id":37396,"href":"https:\/\/www.egemtv.com\/index.php?rest_route=\/wp\/v2\/posts\/37394\/revisions\/37396"}],"wp:featuredmedia":[{"embeddable":true,"href":"https:\/\/www.egemtv.com\/index.php?rest_route=\/wp\/v2\/media\/37395"}],"wp:attachment":[{"href":"https:\/\/www.egemtv.com\/index.php?rest_route=%2Fwp%2Fv2%2Fmedia&parent=37394"}],"wp:term":[{"taxonomy":"category","embeddable":true,"href":"https:\/\/www.egemtv.com\/index.php?rest_route=%2Fwp%2Fv2%2Fcategories&post=37394"},{"taxonomy":"post_tag","embeddable":true,"href":"https:\/\/www.egemtv.com\/index.php?rest_route=%2Fwp%2Fv2%2Ftags&post=37394"}],"curies":[{"name":"wp","href":"https:\/\/api.w.org\/{rel}","templated":true}]}}