{"id":37385,"date":"2025-06-24T12:16:30","date_gmt":"2025-06-24T09:16:30","guid":{"rendered":"https:\/\/www.egemtv.com\/?p=37385"},"modified":"2025-06-24T12:16:35","modified_gmt":"2025-06-24T09:16:35","slug":"nazillide-yaz-konseri-ilgi-gordu","status":"publish","type":"post","link":"https:\/\/www.egemtv.com\/?p=37385","title":{"rendered":"Nazilli\u2019de yaz konseri ilgi g\u00f6rd\u00fc"},"content":{"rendered":"<p>Ayd\u0131n B\u00fcy\u00fck\u015fehir Belediyesi, k\u00fclt\u00fcr ve sanat etkinlikleriyle vatanda\u015flar\u0131 bulu\u015fturmaya devam ediyor.<\/p>\n<p>&#8220;Yaz Konserleri&#8221; etkinlikleri kapsam\u0131nda bu kez Nazilli\u2019de sahne kuruldu. Ayd\u0131n B\u00fcy\u00fck\u015fehir Belediyesi Konservatuvar\u0131\u2019n\u0131n deneyimli e\u011fitmenlerinden olu\u015fan orkestra, 90\u2019l\u0131 y\u0131llardan g\u00fcn\u00fcm\u00fcze uzanan en sevilen \u015fark\u0131lar\u0131 seslendirerek Nazillililere unutulmaz bir ak\u015fam ya\u015fatt\u0131. Konser alan\u0131n\u0131 dolduran vatanda\u015flar, m\u00fczi\u011fin ritmine danslarla e\u015flik etti; s\u00f6ylenen \u015fark\u0131lara hep bir a\u011f\u0131zdan kat\u0131ld\u0131. S\u0131cac\u0131k yaz ak\u015fam\u0131na damga vuran konser, izleyenlere hem nostalji hem de keyif dolu anlar sundu.<\/p>\n<p>Vatanda\u015flar, Ayd\u0131n B\u00fcy\u00fck\u015fehir Belediye Ba\u015fkan\u0131 \u00d6zlem \u00c7er\u00e7io\u011flu\u2019na te\u015fekk\u00fcr etti ve konserlerin il\u00e7elerde devam etmesinden memnuniyet duyduklar\u0131n\u0131 ifade etti.<\/p>\n<p>Yaz boyunca s\u00fcrecek konser serisinin bir sonraki dura\u011f\u0131 ise 1 Temmuz Sal\u0131 g\u00fcn\u00fc saat 21.00\u2019da Germencik il\u00e7esinde bulunan \u015eehit Komanda \u00c7avu\u015f Serkan \u00d6zp\u0131nar Park\u0131 olacak. Ayd\u0131nl\u0131lar, bu yaz da m\u00fczi\u011fin keyfini doyas\u0131ya ya\u015fayacak.<br \/><\/p>\n","protected":false},"excerpt":{"rendered":"<p>Ayd\u0131n B\u00fcy\u00fck\u015fehir Belediyesi, k\u00fclt\u00fcr ve sanat etkinlikleriyle vatanda\u015flar\u0131 bulu\u015fturmaya devam ediyor. &#8220;Yaz Konserleri&#8221; etkinlikleri kapsam\u0131nda bu kez Nazilli\u2019de sahne kuruldu. Ayd\u0131n B\u00fcy\u00fck\u015fehir Belediyesi Konservatuvar\u0131\u2019n\u0131n deneyimli e\u011fitmenlerinden olu\u015fan orkestra, 90\u2019l\u0131 y\u0131llardan g\u00fcn\u00fcm\u00fcze uzanan en sevilen \u015fark\u0131lar\u0131 seslendirerek Nazillililere unutulmaz bir ak\u015fam ya\u015fatt\u0131. Konser alan\u0131n\u0131 dolduran vatanda\u015flar, m\u00fczi\u011fin ritmine danslarla e\u015flik etti; s\u00f6ylenen \u015fark\u0131lara hep bir a\u011f\u0131zdan&#8230;<\/p>\n","protected":false},"author":1,"featured_media":37386,"comment_status":"open","ping_status":"open","sticky":false,"template":"","format":"standard","meta":{"_crdt_document":"","footnotes":""},"categories":[1],"tags":[],"class_list":["post-37385","post","type-post","status-publish","format-standard","has-post-thumbnail","hentry","category-guncel"],"_links":{"self":[{"href":"https:\/\/www.egemtv.com\/index.php?rest_route=\/wp\/v2\/posts\/37385","targetHints":{"allow":["GET"]}}],"collection":[{"href":"https:\/\/www.egemtv.com\/index.php?rest_route=\/wp\/v2\/posts"}],"about":[{"href":"https:\/\/www.egemtv.com\/index.php?rest_route=\/wp\/v2\/types\/post"}],"author":[{"embeddable":true,"href":"https:\/\/www.egemtv.com\/index.php?rest_route=\/wp\/v2\/users\/1"}],"replies":[{"embeddable":true,"href":"https:\/\/www.egemtv.com\/index.php?rest_route=%2Fwp%2Fv2%2Fcomments&post=37385"}],"version-history":[{"count":1,"href":"https:\/\/www.egemtv.com\/index.php?rest_route=\/wp\/v2\/posts\/37385\/revisions"}],"predecessor-version":[{"id":37387,"href":"https:\/\/www.egemtv.com\/index.php?rest_route=\/wp\/v2\/posts\/37385\/revisions\/37387"}],"wp:featuredmedia":[{"embeddable":true,"href":"https:\/\/www.egemtv.com\/index.php?rest_route=\/wp\/v2\/media\/37386"}],"wp:attachment":[{"href":"https:\/\/www.egemtv.com\/index.php?rest_route=%2Fwp%2Fv2%2Fmedia&parent=37385"}],"wp:term":[{"taxonomy":"category","embeddable":true,"href":"https:\/\/www.egemtv.com\/index.php?rest_route=%2Fwp%2Fv2%2Fcategories&post=37385"},{"taxonomy":"post_tag","embeddable":true,"href":"https:\/\/www.egemtv.com\/index.php?rest_route=%2Fwp%2Fv2%2Ftags&post=37385"}],"curies":[{"name":"wp","href":"https:\/\/api.w.org\/{rel}","templated":true}]}}