{"id":37382,"date":"2025-06-24T11:55:56","date_gmt":"2025-06-24T08:55:56","guid":{"rendered":"https:\/\/www.egemtv.com\/?p=37382"},"modified":"2025-06-24T11:56:01","modified_gmt":"2025-06-24T08:56:01","slug":"aydinda-28-kok-kenevir-ele-gecirildi","status":"publish","type":"post","link":"https:\/\/www.egemtv.com\/?p=37382","title":{"rendered":"Ayd\u0131n\u2019da 28 k\u00f6k kenevir ele ge\u00e7irildi"},"content":{"rendered":"<p>Ayd\u0131n\u2019\u0131n \u00c7ine ve Efeler il\u00e7esinde toplamda 28 k\u00f6k kenevir ele ge\u00e7irildi.<br \/>\n<br \/>\u00c7ine ve Efeler \u0130l\u00e7e Jandarma Komutanl\u0131klar\u0131nca uyu\u015fturucu madde imal ve ticaretine y\u00f6nelik \u00e7al\u0131\u015fma ba\u015flat\u0131ld\u0131. \u00c7ine il\u00e7esi Kuruk\u00f6y Mahallesinde A.\u00c7 isimli \u015f\u00fcpheli \u015fahs\u0131n bah\u00e7esinde yap\u0131lan aramada; 21 k\u00f6k kenevir bitkisi ele ge\u00e7irildi. Efeler il\u00e7esinde A.G. isimli \u015f\u00fcpheli \u015fahs\u0131n bah\u00e7esinde yap\u0131lan aramada 7 k\u00f6k kenevir bitkisi ele ge\u00e7irildi. Yakalanan \u015f\u00fcpheli \u015fah\u0131slar hakk\u0131nda adli s\u00fcrecin devam etti\u011fi \u00f6\u011frenildi.<br \/><\/p>\n","protected":false},"excerpt":{"rendered":"<p>Ayd\u0131n\u2019\u0131n \u00c7ine ve Efeler il\u00e7esinde toplamda 28 k\u00f6k kenevir ele ge\u00e7irildi. \u00c7ine ve Efeler \u0130l\u00e7e Jandarma Komutanl\u0131klar\u0131nca uyu\u015fturucu madde imal ve ticaretine y\u00f6nelik \u00e7al\u0131\u015fma ba\u015flat\u0131ld\u0131. \u00c7ine il\u00e7esi Kuruk\u00f6y Mahallesinde A.\u00c7 isimli \u015f\u00fcpheli \u015fahs\u0131n bah\u00e7esinde yap\u0131lan aramada; 21 k\u00f6k kenevir bitkisi ele ge\u00e7irildi. Efeler il\u00e7esinde A.G. isimli \u015f\u00fcpheli \u015fahs\u0131n bah\u00e7esinde yap\u0131lan aramada 7 k\u00f6k kenevir bitkisi&#8230;<\/p>\n","protected":false},"author":1,"featured_media":37383,"comment_status":"open","ping_status":"open","sticky":false,"template":"","format":"standard","meta":{"_crdt_document":"","footnotes":""},"categories":[5],"tags":[],"class_list":["post-37382","post","type-post","status-publish","format-standard","has-post-thumbnail","hentry","category-asayis"],"_links":{"self":[{"href":"https:\/\/www.egemtv.com\/index.php?rest_route=\/wp\/v2\/posts\/37382","targetHints":{"allow":["GET"]}}],"collection":[{"href":"https:\/\/www.egemtv.com\/index.php?rest_route=\/wp\/v2\/posts"}],"about":[{"href":"https:\/\/www.egemtv.com\/index.php?rest_route=\/wp\/v2\/types\/post"}],"author":[{"embeddable":true,"href":"https:\/\/www.egemtv.com\/index.php?rest_route=\/wp\/v2\/users\/1"}],"replies":[{"embeddable":true,"href":"https:\/\/www.egemtv.com\/index.php?rest_route=%2Fwp%2Fv2%2Fcomments&post=37382"}],"version-history":[{"count":1,"href":"https:\/\/www.egemtv.com\/index.php?rest_route=\/wp\/v2\/posts\/37382\/revisions"}],"predecessor-version":[{"id":37384,"href":"https:\/\/www.egemtv.com\/index.php?rest_route=\/wp\/v2\/posts\/37382\/revisions\/37384"}],"wp:featuredmedia":[{"embeddable":true,"href":"https:\/\/www.egemtv.com\/index.php?rest_route=\/wp\/v2\/media\/37383"}],"wp:attachment":[{"href":"https:\/\/www.egemtv.com\/index.php?rest_route=%2Fwp%2Fv2%2Fmedia&parent=37382"}],"wp:term":[{"taxonomy":"category","embeddable":true,"href":"https:\/\/www.egemtv.com\/index.php?rest_route=%2Fwp%2Fv2%2Fcategories&post=37382"},{"taxonomy":"post_tag","embeddable":true,"href":"https:\/\/www.egemtv.com\/index.php?rest_route=%2Fwp%2Fv2%2Ftags&post=37382"}],"curies":[{"name":"wp","href":"https:\/\/api.w.org\/{rel}","templated":true}]}}