{"id":37379,"date":"2025-06-24T11:36:00","date_gmt":"2025-06-24T08:36:00","guid":{"rendered":"https:\/\/www.egemtv.com\/?p=37379"},"modified":"2025-06-24T11:36:05","modified_gmt":"2025-06-24T08:36:05","slug":"kusadasi-sokaklarinda-domuz-istilasi","status":"publish","type":"post","link":"https:\/\/www.egemtv.com\/?p=37379","title":{"rendered":"Ku\u015fadas\u0131 sokaklar\u0131nda domuz istilas\u0131"},"content":{"rendered":"<p>Ayd\u0131n\u2019\u0131n Ku\u015fadas\u0131 il\u00e7esinde onlarca domuz sokaklarda yiyecek ararken g\u00f6r\u00fcnt\u00fclendi.<br \/>\n<br \/>Ayd\u0131n\u2019\u0131n Ku\u015fadas\u0131 il\u00e7esinde a\u00e7 kalan yaban domuzlar\u0131 \u015fehir merkezine indi. Yaban domuzlar\u0131 \u015fehir merkezine gelip sitelerin ara sokaklar\u0131nda dola\u015ft\u0131. \u00c7\u00f6p konteynerlerini kar\u0131\u015ft\u0131ran yaban domuzlar\u0131n\u0131n yiyecek arad\u0131\u011f\u0131 g\u00f6r\u00fcld\u00fc. Yavrular\u0131yla birlikte s\u00fcr\u00fc halinde sokaklarda dola\u015fan yaban domuzlar\u0131 otomobillerin aras\u0131nda rahat\u00e7a kimseye ald\u0131r\u0131\u015f etmeden gezindi. O anlar ise \u00e7evre sakinlerinin cep telefonu kameras\u0131na yans\u0131d\u0131. G\u00f6r\u00fcnt\u00fcde domuzlar\u0131n sokak aralar\u0131nda yiyecek aramas\u0131 yer ald\u0131.<br \/><\/p>\n","protected":false},"excerpt":{"rendered":"<p>Ayd\u0131n\u2019\u0131n Ku\u015fadas\u0131 il\u00e7esinde onlarca domuz sokaklarda yiyecek ararken g\u00f6r\u00fcnt\u00fclendi. Ayd\u0131n\u2019\u0131n Ku\u015fadas\u0131 il\u00e7esinde a\u00e7 kalan yaban domuzlar\u0131 \u015fehir merkezine indi. Yaban domuzlar\u0131 \u015fehir merkezine gelip sitelerin ara sokaklar\u0131nda dola\u015ft\u0131. \u00c7\u00f6p konteynerlerini kar\u0131\u015ft\u0131ran yaban domuzlar\u0131n\u0131n yiyecek arad\u0131\u011f\u0131 g\u00f6r\u00fcld\u00fc. Yavrular\u0131yla birlikte s\u00fcr\u00fc halinde sokaklarda dola\u015fan yaban domuzlar\u0131 otomobillerin aras\u0131nda rahat\u00e7a kimseye ald\u0131r\u0131\u015f etmeden gezindi. O anlar ise \u00e7evre&#8230;<\/p>\n","protected":false},"author":1,"featured_media":37380,"comment_status":"open","ping_status":"open","sticky":false,"template":"","format":"standard","meta":{"_crdt_document":"","footnotes":""},"categories":[1],"tags":[],"class_list":["post-37379","post","type-post","status-publish","format-standard","has-post-thumbnail","hentry","category-guncel"],"_links":{"self":[{"href":"https:\/\/www.egemtv.com\/index.php?rest_route=\/wp\/v2\/posts\/37379","targetHints":{"allow":["GET"]}}],"collection":[{"href":"https:\/\/www.egemtv.com\/index.php?rest_route=\/wp\/v2\/posts"}],"about":[{"href":"https:\/\/www.egemtv.com\/index.php?rest_route=\/wp\/v2\/types\/post"}],"author":[{"embeddable":true,"href":"https:\/\/www.egemtv.com\/index.php?rest_route=\/wp\/v2\/users\/1"}],"replies":[{"embeddable":true,"href":"https:\/\/www.egemtv.com\/index.php?rest_route=%2Fwp%2Fv2%2Fcomments&post=37379"}],"version-history":[{"count":1,"href":"https:\/\/www.egemtv.com\/index.php?rest_route=\/wp\/v2\/posts\/37379\/revisions"}],"predecessor-version":[{"id":37381,"href":"https:\/\/www.egemtv.com\/index.php?rest_route=\/wp\/v2\/posts\/37379\/revisions\/37381"}],"wp:featuredmedia":[{"embeddable":true,"href":"https:\/\/www.egemtv.com\/index.php?rest_route=\/wp\/v2\/media\/37380"}],"wp:attachment":[{"href":"https:\/\/www.egemtv.com\/index.php?rest_route=%2Fwp%2Fv2%2Fmedia&parent=37379"}],"wp:term":[{"taxonomy":"category","embeddable":true,"href":"https:\/\/www.egemtv.com\/index.php?rest_route=%2Fwp%2Fv2%2Fcategories&post=37379"},{"taxonomy":"post_tag","embeddable":true,"href":"https:\/\/www.egemtv.com\/index.php?rest_route=%2Fwp%2Fv2%2Ftags&post=37379"}],"curies":[{"name":"wp","href":"https:\/\/api.w.org\/{rel}","templated":true}]}}