{"id":37376,"date":"2025-06-24T11:35:58","date_gmt":"2025-06-24T08:35:58","guid":{"rendered":"https:\/\/www.egemtv.com\/?p=37376"},"modified":"2025-06-24T11:36:00","modified_gmt":"2025-06-24T08:36:00","slug":"bayatdaki-golet-ve-sulak-alanlara-10-bin-sazan-baligi-yavrusu-birakildi","status":"publish","type":"post","link":"https:\/\/www.egemtv.com\/?p=37376","title":{"rendered":"Bayat\u2019daki g\u00f6let ve sulak alanlara 10 bin sazan bal\u0131\u011f\u0131 yavrusu b\u0131rak\u0131ld\u0131"},"content":{"rendered":"<p>Afyonkarahisar\u2019\u0131n Bayat il\u00e7esindeki g\u00f6let ve sulak alanlara 10 bin sazan bal\u0131\u011f\u0131 yavrusu b\u0131rak\u0131ld\u0131.<br \/>\n<br \/>Ger\u00e7ekle\u015ftirilen bal\u0131k b\u0131rakma faaliyeti ile ilgili Bayat Kaymakaml\u0131\u011f\u0131\u2019ndan yap\u0131lan yaz\u0131l\u0131 a\u00e7\u0131klamada, &#8220;S\u00fcrd\u00fcr\u00fclebilir bal\u0131k\u00e7\u0131l\u0131k i\u00e7in barajlar\u0131m\u0131za 10 bin adet sazan bal\u0131\u011f\u0131 yavrusu b\u0131rak\u0131ld\u0131. Bal\u0131klar\u0131m\u0131z\u0131 ait oldu\u011fu sulara b\u0131rakarak ekosistemi koruma ve gelecek nesillere aktarmak amac\u0131yla binlerce yavru bal\u0131\u011f\u0131 barajlar\u0131m\u0131za b\u0131rakt\u0131k&#8221; ifadelerine yer verildi.<br \/><\/p>\n","protected":false},"excerpt":{"rendered":"<p>Afyonkarahisar\u2019\u0131n Bayat il\u00e7esindeki g\u00f6let ve sulak alanlara 10 bin sazan bal\u0131\u011f\u0131 yavrusu b\u0131rak\u0131ld\u0131. Ger\u00e7ekle\u015ftirilen bal\u0131k b\u0131rakma faaliyeti ile ilgili Bayat Kaymakaml\u0131\u011f\u0131\u2019ndan yap\u0131lan yaz\u0131l\u0131 a\u00e7\u0131klamada, &#8220;S\u00fcrd\u00fcr\u00fclebilir bal\u0131k\u00e7\u0131l\u0131k i\u00e7in barajlar\u0131m\u0131za 10 bin adet sazan bal\u0131\u011f\u0131 yavrusu b\u0131rak\u0131ld\u0131. Bal\u0131klar\u0131m\u0131z\u0131 ait oldu\u011fu sulara b\u0131rakarak ekosistemi koruma ve gelecek nesillere aktarmak amac\u0131yla binlerce yavru bal\u0131\u011f\u0131 barajlar\u0131m\u0131za b\u0131rakt\u0131k&#8221; ifadelerine yer verildi.<\/p>\n","protected":false},"author":1,"featured_media":37377,"comment_status":"open","ping_status":"open","sticky":false,"template":"","format":"standard","meta":{"_crdt_document":"","footnotes":""},"categories":[1],"tags":[],"class_list":["post-37376","post","type-post","status-publish","format-standard","has-post-thumbnail","hentry","category-guncel"],"_links":{"self":[{"href":"https:\/\/www.egemtv.com\/index.php?rest_route=\/wp\/v2\/posts\/37376","targetHints":{"allow":["GET"]}}],"collection":[{"href":"https:\/\/www.egemtv.com\/index.php?rest_route=\/wp\/v2\/posts"}],"about":[{"href":"https:\/\/www.egemtv.com\/index.php?rest_route=\/wp\/v2\/types\/post"}],"author":[{"embeddable":true,"href":"https:\/\/www.egemtv.com\/index.php?rest_route=\/wp\/v2\/users\/1"}],"replies":[{"embeddable":true,"href":"https:\/\/www.egemtv.com\/index.php?rest_route=%2Fwp%2Fv2%2Fcomments&post=37376"}],"version-history":[{"count":1,"href":"https:\/\/www.egemtv.com\/index.php?rest_route=\/wp\/v2\/posts\/37376\/revisions"}],"predecessor-version":[{"id":37378,"href":"https:\/\/www.egemtv.com\/index.php?rest_route=\/wp\/v2\/posts\/37376\/revisions\/37378"}],"wp:featuredmedia":[{"embeddable":true,"href":"https:\/\/www.egemtv.com\/index.php?rest_route=\/wp\/v2\/media\/37377"}],"wp:attachment":[{"href":"https:\/\/www.egemtv.com\/index.php?rest_route=%2Fwp%2Fv2%2Fmedia&parent=37376"}],"wp:term":[{"taxonomy":"category","embeddable":true,"href":"https:\/\/www.egemtv.com\/index.php?rest_route=%2Fwp%2Fv2%2Fcategories&post=37376"},{"taxonomy":"post_tag","embeddable":true,"href":"https:\/\/www.egemtv.com\/index.php?rest_route=%2Fwp%2Fv2%2Ftags&post=37376"}],"curies":[{"name":"wp","href":"https:\/\/api.w.org\/{rel}","templated":true}]}}