{"id":37373,"date":"2025-06-24T11:35:52","date_gmt":"2025-06-24T08:35:52","guid":{"rendered":"https:\/\/www.egemtv.com\/?p=37373"},"modified":"2025-06-24T11:35:58","modified_gmt":"2025-06-24T08:35:58","slug":"aydinda-sahipsiz-sokak-hayvanlari-icin-degerlendirme-toplantisi-duzenlendi","status":"publish","type":"post","link":"https:\/\/www.egemtv.com\/?p=37373","title":{"rendered":"Ayd\u0131n\u2019da sahipsiz sokak hayvanlar\u0131 i\u00e7in de\u011ferlendirme toplant\u0131s\u0131 d\u00fczenlendi"},"content":{"rendered":"<p>Ayd\u0131n\u2019da sahipsiz sokak hayvanlar\u0131n\u0131n durumu ve \u00e7\u00f6z\u00fcm \u00f6nerileri, Ayd\u0131n Valisi Yakup Canbolat ba\u015fkanl\u0131\u011f\u0131nda ger\u00e7ekle\u015ftirilen toplant\u0131da ele al\u0131nd\u0131.<\/p>\n<p>Ayd\u0131n Valili\u011fi Toplant\u0131 Salonu\u2019nda d\u00fczenlenen toplant\u0131ya; Vali Yard\u0131mc\u0131s\u0131 Mehmet Y\u00fcce, Ayd\u0131n B\u00fcy\u00fck\u015fehir Belediye Ba\u015fkan\u0131 \u00d6zlem \u00c7er\u00e7io\u011flu, B\u00fcy\u00fck\u015fehir Belediyesi Genel Sekreteri Ertu\u011frul Yamen ve Ayd\u0131n Do\u011fa Koruma ve Milli Parklar M\u00fcd\u00fcr\u00fc Ali Egemen \u0130\u015fcan kat\u0131ld\u0131. Toplant\u0131da, sahipsiz sokak hayvanlar\u0131n\u0131n say\u0131s\u0131n\u0131n kontrol alt\u0131na al\u0131nmas\u0131, vatanda\u015f g\u00fcvenli\u011finin sa\u011flanmas\u0131, hayvanlar\u0131n sa\u011fl\u0131k ve refah \u015fartlar\u0131n\u0131n iyile\u015ftirilmesi konular\u0131 masaya yat\u0131r\u0131ld\u0131. Yerel y\u00f6netimlerin ve ilgili kurumlar\u0131n koordinasyon i\u00e7inde \u00e7al\u0131\u015fmas\u0131 gerekti\u011fi vurguland\u0131. Ayr\u0131ca sahiplendirme konusunda vatanda\u015flar\u0131n te\u015fvik edilmesi ve kamuoyunda fark\u0131ndal\u0131k olu\u015fturacak projelerin hayata ge\u00e7irilmesi konular\u0131nda g\u00f6r\u00fc\u015f al\u0131\u015fveri\u015finde bulunuldu.<br \/><\/p>\n","protected":false},"excerpt":{"rendered":"<p>Ayd\u0131n\u2019da sahipsiz sokak hayvanlar\u0131n\u0131n durumu ve \u00e7\u00f6z\u00fcm \u00f6nerileri, Ayd\u0131n Valisi Yakup Canbolat ba\u015fkanl\u0131\u011f\u0131nda ger\u00e7ekle\u015ftirilen toplant\u0131da ele al\u0131nd\u0131. Ayd\u0131n Valili\u011fi Toplant\u0131 Salonu\u2019nda d\u00fczenlenen toplant\u0131ya; Vali Yard\u0131mc\u0131s\u0131 Mehmet Y\u00fcce, Ayd\u0131n B\u00fcy\u00fck\u015fehir Belediye Ba\u015fkan\u0131 \u00d6zlem \u00c7er\u00e7io\u011flu, B\u00fcy\u00fck\u015fehir Belediyesi Genel Sekreteri Ertu\u011frul Yamen ve Ayd\u0131n Do\u011fa Koruma ve Milli Parklar M\u00fcd\u00fcr\u00fc Ali Egemen \u0130\u015fcan kat\u0131ld\u0131. Toplant\u0131da, sahipsiz sokak hayvanlar\u0131n\u0131n&#8230;<\/p>\n","protected":false},"author":1,"featured_media":37374,"comment_status":"open","ping_status":"open","sticky":false,"template":"","format":"standard","meta":{"_crdt_document":"","footnotes":""},"categories":[1],"tags":[],"class_list":["post-37373","post","type-post","status-publish","format-standard","has-post-thumbnail","hentry","category-guncel"],"_links":{"self":[{"href":"https:\/\/www.egemtv.com\/index.php?rest_route=\/wp\/v2\/posts\/37373","targetHints":{"allow":["GET"]}}],"collection":[{"href":"https:\/\/www.egemtv.com\/index.php?rest_route=\/wp\/v2\/posts"}],"about":[{"href":"https:\/\/www.egemtv.com\/index.php?rest_route=\/wp\/v2\/types\/post"}],"author":[{"embeddable":true,"href":"https:\/\/www.egemtv.com\/index.php?rest_route=\/wp\/v2\/users\/1"}],"replies":[{"embeddable":true,"href":"https:\/\/www.egemtv.com\/index.php?rest_route=%2Fwp%2Fv2%2Fcomments&post=37373"}],"version-history":[{"count":1,"href":"https:\/\/www.egemtv.com\/index.php?rest_route=\/wp\/v2\/posts\/37373\/revisions"}],"predecessor-version":[{"id":37375,"href":"https:\/\/www.egemtv.com\/index.php?rest_route=\/wp\/v2\/posts\/37373\/revisions\/37375"}],"wp:featuredmedia":[{"embeddable":true,"href":"https:\/\/www.egemtv.com\/index.php?rest_route=\/wp\/v2\/media\/37374"}],"wp:attachment":[{"href":"https:\/\/www.egemtv.com\/index.php?rest_route=%2Fwp%2Fv2%2Fmedia&parent=37373"}],"wp:term":[{"taxonomy":"category","embeddable":true,"href":"https:\/\/www.egemtv.com\/index.php?rest_route=%2Fwp%2Fv2%2Fcategories&post=37373"},{"taxonomy":"post_tag","embeddable":true,"href":"https:\/\/www.egemtv.com\/index.php?rest_route=%2Fwp%2Fv2%2Ftags&post=37373"}],"curies":[{"name":"wp","href":"https:\/\/api.w.org\/{rel}","templated":true}]}}