{"id":37364,"date":"2025-06-24T11:15:52","date_gmt":"2025-06-24T08:15:52","guid":{"rendered":"https:\/\/www.egemtv.com\/?p=37364"},"modified":"2025-06-24T11:15:57","modified_gmt":"2025-06-24T08:15:57","slug":"mentese-belediyesinden-ucretsiz-saglik-taramasi","status":"publish","type":"post","link":"https:\/\/www.egemtv.com\/?p=37364","title":{"rendered":"Mente\u015fe Belediyesinden \u00fccretsiz sa\u011fl\u0131k taramas\u0131"},"content":{"rendered":"<p>Mente\u015fe Belediyesi, vatanda\u015flar\u0131n sa\u011fl\u0131k hizmetlerine eri\u015fimini kolayla\u015ft\u0131rmak amac\u0131yla ba\u015flatt\u0131\u011f\u0131 \u00fccretsiz sa\u011fl\u0131k taramalar\u0131 ve e\u011fitimlerine y\u0131l\u0131n ilk alt\u0131 ay\u0131nda da aral\u0131ks\u0131z devam etti. K\u0131rsal ve merkez mahallelerde kurulan stantlarla toplam 807 vatanda\u015fa hizmet sunuldu. Kat\u0131l\u0131mc\u0131lara; kanser t\u00fcrleri, kendi kendine meme muayenesi, erken tan\u0131 belirtileri hakk\u0131nda bilgi verilirken \u00fccretsiz sa\u011fl\u0131k taramalar\u0131 da yap\u0131ld\u0131.<br \/>\n<br \/>Alan\u0131nda uzman sa\u011fl\u0131k personeli taraf\u0131ndan yap\u0131lan taramalarda, vatanda\u015flar\u0131n kan \u015fekeri ve tansiyon de\u011ferleri \u00f6l\u00e7\u00fcld\u00fc. Riskli bulgular tespit edilen bireyler ilgili sa\u011fl\u0131k kurulu\u015flar\u0131na y\u00f6nlendirilerek erken m\u00fcdahale olana\u011f\u0131 sa\u011fland\u0131.<br \/>\n<br \/>Ayr\u0131ca, &#8220;Sa\u011fl\u0131kl\u0131 Toplum Sosyal Belediye&#8221; projesi kapsam\u0131nda kad\u0131nlara y\u00f6nelik sa\u011fl\u0131k e\u011fitimleri de devam ediyor. E\u011fitimlerde, erken tan\u0131n\u0131n \u00f6nemi, meme sa\u011fl\u0131\u011f\u0131, d\u00fczenli kontroller ve tarama y\u00f6ntemleri detayl\u0131 \u015fekilde aktar\u0131l\u0131yor. Mente\u015fe Belediye Ba\u015fkan\u0131 Gonca K\u00f6ksal Aras, halk sa\u011fl\u0131\u011f\u0131n\u0131 \u00f6nceleyen bu \u00e7al\u0131\u015fmalarla hedeflerinin eri\u015filebilir ve koruyucu sa\u011fl\u0131k hizmetlerini yayg\u0131nla\u015ft\u0131rmak oldu\u011funu vurgulad\u0131. Ba\u015fkan Aras, \u00f6zellikle k\u0131rsal mahallelerde ya\u015fayan vatanda\u015flar\u0131n d\u00fczenli sa\u011fl\u0131k kontrollerini s\u00fcrd\u00fcrebilmeleri i\u00e7in bu hizmetleri kesintisiz \u015fekilde s\u00fcrd\u00fcreceklerini belirtti.<br \/><\/p>\n","protected":false},"excerpt":{"rendered":"<p>Mente\u015fe Belediyesi, vatanda\u015flar\u0131n sa\u011fl\u0131k hizmetlerine eri\u015fimini kolayla\u015ft\u0131rmak amac\u0131yla ba\u015flatt\u0131\u011f\u0131 \u00fccretsiz sa\u011fl\u0131k taramalar\u0131 ve e\u011fitimlerine y\u0131l\u0131n ilk alt\u0131 ay\u0131nda da aral\u0131ks\u0131z devam etti. K\u0131rsal ve merkez mahallelerde kurulan stantlarla toplam 807 vatanda\u015fa hizmet sunuldu. Kat\u0131l\u0131mc\u0131lara; kanser t\u00fcrleri, kendi kendine meme muayenesi, erken tan\u0131 belirtileri hakk\u0131nda bilgi verilirken \u00fccretsiz sa\u011fl\u0131k taramalar\u0131 da yap\u0131ld\u0131. Alan\u0131nda uzman sa\u011fl\u0131k personeli&#8230;<\/p>\n","protected":false},"author":1,"featured_media":37365,"comment_status":"open","ping_status":"open","sticky":false,"template":"","format":"standard","meta":{"_crdt_document":"","footnotes":""},"categories":[2],"tags":[],"class_list":["post-37364","post","type-post","status-publish","format-standard","has-post-thumbnail","hentry","category-saglik"],"_links":{"self":[{"href":"https:\/\/www.egemtv.com\/index.php?rest_route=\/wp\/v2\/posts\/37364","targetHints":{"allow":["GET"]}}],"collection":[{"href":"https:\/\/www.egemtv.com\/index.php?rest_route=\/wp\/v2\/posts"}],"about":[{"href":"https:\/\/www.egemtv.com\/index.php?rest_route=\/wp\/v2\/types\/post"}],"author":[{"embeddable":true,"href":"https:\/\/www.egemtv.com\/index.php?rest_route=\/wp\/v2\/users\/1"}],"replies":[{"embeddable":true,"href":"https:\/\/www.egemtv.com\/index.php?rest_route=%2Fwp%2Fv2%2Fcomments&post=37364"}],"version-history":[{"count":1,"href":"https:\/\/www.egemtv.com\/index.php?rest_route=\/wp\/v2\/posts\/37364\/revisions"}],"predecessor-version":[{"id":37366,"href":"https:\/\/www.egemtv.com\/index.php?rest_route=\/wp\/v2\/posts\/37364\/revisions\/37366"}],"wp:featuredmedia":[{"embeddable":true,"href":"https:\/\/www.egemtv.com\/index.php?rest_route=\/wp\/v2\/media\/37365"}],"wp:attachment":[{"href":"https:\/\/www.egemtv.com\/index.php?rest_route=%2Fwp%2Fv2%2Fmedia&parent=37364"}],"wp:term":[{"taxonomy":"category","embeddable":true,"href":"https:\/\/www.egemtv.com\/index.php?rest_route=%2Fwp%2Fv2%2Fcategories&post=37364"},{"taxonomy":"post_tag","embeddable":true,"href":"https:\/\/www.egemtv.com\/index.php?rest_route=%2Fwp%2Fv2%2Ftags&post=37364"}],"curies":[{"name":"wp","href":"https:\/\/api.w.org\/{rel}","templated":true}]}}