{"id":37361,"date":"2025-06-24T10:55:43","date_gmt":"2025-06-24T07:55:43","guid":{"rendered":"https:\/\/www.egemtv.com\/?p=37361"},"modified":"2025-06-24T10:55:48","modified_gmt":"2025-06-24T07:55:48","slug":"altay-adim-adim-sirketlesiyor","status":"publish","type":"post","link":"https:\/\/www.egemtv.com\/?p=37361","title":{"rendered":"Altay, ad\u0131m ad\u0131m \u015firketle\u015fiyor"},"content":{"rendered":"<p>\u0130zmir\u2019in en k\u00f6kl\u00fc kul\u00fcplerinden birisi olan Altay, bir s\u00fcredir devam ettirdi\u011fi \u015firketle\u015fme \u00e7al\u0131\u015fmalar\u0131nda sona geldi.<br \/>\n<br \/>Ge\u00e7ti\u011fimiz sezon \u015firketle\u015fme komisyonu \u00fcyeleri taraf\u0131ndan kurulup genel kurulun onay\u0131ndan ge\u00e7en B\u00fcy\u00fck Altay 1914 Spor Yat\u0131r\u0131mlar\u0131 A.\u015e, yap\u0131lan toplant\u0131lar sonucunda Ba\u015fkan Y\u00fcksel G\u00fcr\u00fcz\u2019\u00fcn y\u00f6netiminde yer alan o\u011flu G\u00f6rkem G\u00fcr\u00fcz\u2019e devredildi. Konuyla ilgili de siyah-beyazl\u0131 kul\u00fcb\u00fcn resmi sosyal medya hesaplar\u0131ndan yap\u0131lan payla\u015f\u0131mda, &#8220;Altay Spor Kul\u00fcb\u00fc\u2019n\u00fcn profesyonel yar\u0131\u015fmac\u0131 haklar\u0131n\u0131n devri planlanan B\u00fcy\u00fck Altay 1914 Futbol ve Spor Yat\u0131r\u0131mlar\u0131 A.\u015e.\u2019nin hisse devri i\u015flemleri, bug\u00fcn itibar\u0131yla Y\u00f6netim Kurulu \u00dcyemiz Say\u0131n Hakk\u0131 G\u00f6rkem G\u00fcr\u00fcz\u2019e ger\u00e7ekle\u015ftirilmi\u015ftir.<br \/>\n<br \/>Kul\u00fcb\u00fcm\u00fcz\u00fcn \u015firketle\u015fme s\u00fcrecinde \u00f6nemli bir a\u015fama daha tamamlanm\u0131\u015f olup, bundan sonraki s\u00fcre\u00e7; gerekli sicil tescil i\u015flemleri ve T\u00fcrkiye Futbol Federasyonu onaylar\u0131yla nihayete erecektir.<br \/>\n<br \/>B\u00fcy\u00fck Altay\u2019\u0131m\u0131z\u0131n gelece\u011fi ad\u0131na at\u0131lan bu stratejik ad\u0131m\u0131n, camiam\u0131za ve taraftarlar\u0131m\u0131za hay\u0131rl\u0131 olmas\u0131n\u0131 temenni eder; t\u00fcm B\u00fcy\u00fck Altay sevdal\u0131lar\u0131na sayg\u0131yla duyururuz&#8221; ifadelerine yer verildi.<br \/><\/p>\n","protected":false},"excerpt":{"rendered":"<p>\u0130zmir\u2019in en k\u00f6kl\u00fc kul\u00fcplerinden birisi olan Altay, bir s\u00fcredir devam ettirdi\u011fi \u015firketle\u015fme \u00e7al\u0131\u015fmalar\u0131nda sona geldi. Ge\u00e7ti\u011fimiz sezon \u015firketle\u015fme komisyonu \u00fcyeleri taraf\u0131ndan kurulup genel kurulun onay\u0131ndan ge\u00e7en B\u00fcy\u00fck Altay 1914 Spor Yat\u0131r\u0131mlar\u0131 A.\u015e, yap\u0131lan toplant\u0131lar sonucunda Ba\u015fkan Y\u00fcksel G\u00fcr\u00fcz\u2019\u00fcn y\u00f6netiminde yer alan o\u011flu G\u00f6rkem G\u00fcr\u00fcz\u2019e devredildi. Konuyla ilgili de siyah-beyazl\u0131 kul\u00fcb\u00fcn resmi sosyal medya hesaplar\u0131ndan yap\u0131lan&#8230;<\/p>\n","protected":false},"author":1,"featured_media":37362,"comment_status":"open","ping_status":"open","sticky":false,"template":"","format":"standard","meta":{"_crdt_document":"","footnotes":""},"categories":[4],"tags":[],"class_list":["post-37361","post","type-post","status-publish","format-standard","has-post-thumbnail","hentry","category-spor"],"_links":{"self":[{"href":"https:\/\/www.egemtv.com\/index.php?rest_route=\/wp\/v2\/posts\/37361","targetHints":{"allow":["GET"]}}],"collection":[{"href":"https:\/\/www.egemtv.com\/index.php?rest_route=\/wp\/v2\/posts"}],"about":[{"href":"https:\/\/www.egemtv.com\/index.php?rest_route=\/wp\/v2\/types\/post"}],"author":[{"embeddable":true,"href":"https:\/\/www.egemtv.com\/index.php?rest_route=\/wp\/v2\/users\/1"}],"replies":[{"embeddable":true,"href":"https:\/\/www.egemtv.com\/index.php?rest_route=%2Fwp%2Fv2%2Fcomments&post=37361"}],"version-history":[{"count":1,"href":"https:\/\/www.egemtv.com\/index.php?rest_route=\/wp\/v2\/posts\/37361\/revisions"}],"predecessor-version":[{"id":37363,"href":"https:\/\/www.egemtv.com\/index.php?rest_route=\/wp\/v2\/posts\/37361\/revisions\/37363"}],"wp:featuredmedia":[{"embeddable":true,"href":"https:\/\/www.egemtv.com\/index.php?rest_route=\/wp\/v2\/media\/37362"}],"wp:attachment":[{"href":"https:\/\/www.egemtv.com\/index.php?rest_route=%2Fwp%2Fv2%2Fmedia&parent=37361"}],"wp:term":[{"taxonomy":"category","embeddable":true,"href":"https:\/\/www.egemtv.com\/index.php?rest_route=%2Fwp%2Fv2%2Fcategories&post=37361"},{"taxonomy":"post_tag","embeddable":true,"href":"https:\/\/www.egemtv.com\/index.php?rest_route=%2Fwp%2Fv2%2Ftags&post=37361"}],"curies":[{"name":"wp","href":"https:\/\/api.w.org\/{rel}","templated":true}]}}