{"id":37358,"date":"2025-06-24T10:16:09","date_gmt":"2025-06-24T07:16:09","guid":{"rendered":"https:\/\/www.egemtv.com\/?p=37358"},"modified":"2025-06-24T10:16:17","modified_gmt":"2025-06-24T07:16:17","slug":"devlet-hastanesinde-bu-ameliyat-ilk-defa-yapildi","status":"publish","type":"post","link":"https:\/\/www.egemtv.com\/?p=37358","title":{"rendered":"Devlet Hastanesi\u2019nde bu ameliyat ilk defa yap\u0131ld\u0131"},"content":{"rendered":"<p>Afyonkarahisar Sand\u0131kl\u0131 Devlet Hastanesi\u2019nde ger\u00e7ekle\u015ftirilen \u00f6n \u00e7apraz ba\u011f ameliyat\u0131, uygulanan \u00f6zel teknik sayesinde ulusal d\u00fczeyde dikkat \u00e7ekti. Genellikle diz \u00e7evresindeki kaslar\u0131n kullan\u0131ld\u0131\u011f\u0131 bu t\u00fcr ameliyatlarda, bu kez ayak bile\u011finden al\u0131nan Peroneus Longus kas\u0131 kullan\u0131larak \u00f6n \u00e7apraz ba\u011f ve menisk\u00fcs onar\u0131m\u0131 kapal\u0131 (artroskopik) y\u00f6ntemle ba\u015far\u0131yla tamamland\u0131.<br \/>\n<br \/>Ameliyat\u0131 ger\u00e7ekle\u015ftiren Ortopedi ve Travmatoloji Uzman\u0131 Op. Dr. Umut Can Duvarc\u0131, y\u00f6ntemin detaylar\u0131n\u0131 \u015fu \u015fekilde anlatt\u0131:<br \/>\n<br \/>&#8220;Travma sonras\u0131 dizinde bo\u015fa \u00e7\u0131kma ve a\u011fr\u0131 \u015fikayetleriyle ba\u015fvuran 37 ya\u015f\u0131ndaki hastam\u0131zda, \u00f6n \u00e7apraz ba\u011f y\u0131rt\u0131\u011f\u0131na e\u015flik eden menisk\u00fcs hasar\u0131 tespit ettik. T\u00fcrkiye\u2019de hen\u00fcz yeni yeni uygulanmaya ba\u015flanan, literat\u00fcrde g\u00fcvenilirli\u011fi kan\u0131tlanm\u0131\u015f bir y\u00f6ntemle, Peroneus Longus tendonunu kullanarak kapal\u0131 \u015fekilde hem \u00f6n \u00e7apraz ba\u011f rekonstr\u00fcksiyonunu hem de menisk\u00fcs tamirini ger\u00e7ekle\u015ftirdik. Bu y\u00f6ntemle hastan\u0131n diz stabilitesini sa\u011flarken, ayak bile\u011finde herhangi bir fonksiyon kayb\u0131 ya\u015fanmamaktad\u0131r.&#8221;<br \/>\n<br \/>Bu \u00f6zel ameliyat\u0131n, Sand\u0131kl\u0131 Devlet Hastanesi\u2019nde ba\u015far\u0131yla uygulanarak b\u00f6lge halk\u0131 i\u00e7in ileri d\u00fczey ortopedik cerrahilerin yerinde ve etkin yap\u0131labilece\u011fini bir kez daha g\u00f6stermi\u015f oldu.<br \/><\/p>\n","protected":false},"excerpt":{"rendered":"<p>Afyonkarahisar Sand\u0131kl\u0131 Devlet Hastanesi\u2019nde ger\u00e7ekle\u015ftirilen \u00f6n \u00e7apraz ba\u011f ameliyat\u0131, uygulanan \u00f6zel teknik sayesinde ulusal d\u00fczeyde dikkat \u00e7ekti. Genellikle diz \u00e7evresindeki kaslar\u0131n kullan\u0131ld\u0131\u011f\u0131 bu t\u00fcr ameliyatlarda, bu kez ayak bile\u011finden al\u0131nan Peroneus Longus kas\u0131 kullan\u0131larak \u00f6n \u00e7apraz ba\u011f ve menisk\u00fcs onar\u0131m\u0131 kapal\u0131 (artroskopik) y\u00f6ntemle ba\u015far\u0131yla tamamland\u0131. Ameliyat\u0131 ger\u00e7ekle\u015ftiren Ortopedi ve Travmatoloji Uzman\u0131 Op. Dr. Umut Can&#8230;<\/p>\n","protected":false},"author":1,"featured_media":37359,"comment_status":"open","ping_status":"open","sticky":false,"template":"","format":"standard","meta":{"_crdt_document":"","footnotes":""},"categories":[2],"tags":[],"class_list":["post-37358","post","type-post","status-publish","format-standard","has-post-thumbnail","hentry","category-saglik"],"_links":{"self":[{"href":"https:\/\/www.egemtv.com\/index.php?rest_route=\/wp\/v2\/posts\/37358","targetHints":{"allow":["GET"]}}],"collection":[{"href":"https:\/\/www.egemtv.com\/index.php?rest_route=\/wp\/v2\/posts"}],"about":[{"href":"https:\/\/www.egemtv.com\/index.php?rest_route=\/wp\/v2\/types\/post"}],"author":[{"embeddable":true,"href":"https:\/\/www.egemtv.com\/index.php?rest_route=\/wp\/v2\/users\/1"}],"replies":[{"embeddable":true,"href":"https:\/\/www.egemtv.com\/index.php?rest_route=%2Fwp%2Fv2%2Fcomments&post=37358"}],"version-history":[{"count":1,"href":"https:\/\/www.egemtv.com\/index.php?rest_route=\/wp\/v2\/posts\/37358\/revisions"}],"predecessor-version":[{"id":37360,"href":"https:\/\/www.egemtv.com\/index.php?rest_route=\/wp\/v2\/posts\/37358\/revisions\/37360"}],"wp:featuredmedia":[{"embeddable":true,"href":"https:\/\/www.egemtv.com\/index.php?rest_route=\/wp\/v2\/media\/37359"}],"wp:attachment":[{"href":"https:\/\/www.egemtv.com\/index.php?rest_route=%2Fwp%2Fv2%2Fmedia&parent=37358"}],"wp:term":[{"taxonomy":"category","embeddable":true,"href":"https:\/\/www.egemtv.com\/index.php?rest_route=%2Fwp%2Fv2%2Fcategories&post=37358"},{"taxonomy":"post_tag","embeddable":true,"href":"https:\/\/www.egemtv.com\/index.php?rest_route=%2Fwp%2Fv2%2Ftags&post=37358"}],"curies":[{"name":"wp","href":"https:\/\/api.w.org\/{rel}","templated":true}]}}