{"id":37100,"date":"2025-06-23T10:56:31","date_gmt":"2025-06-23T07:56:31","guid":{"rendered":"https:\/\/www.egemtv.com\/?p=37100"},"modified":"2025-06-23T10:56:36","modified_gmt":"2025-06-23T07:56:36","slug":"aydinda-orman-yanginlarina-karsi-siki-tedbir","status":"publish","type":"post","link":"https:\/\/www.egemtv.com\/?p=37100","title":{"rendered":"Ayd\u0131n\u2019da orman yang\u0131nlar\u0131na kar\u015f\u0131 s\u0131k\u0131 tedbir"},"content":{"rendered":"<p>Ayd\u0131n \u0130l Jandarma Komutanl\u0131\u011f\u0131nca orman yang\u0131nlar\u0131n\u0131n \u00f6nlenmesi amac\u0131yla ve vatanda\u015flar\u0131n orman yang\u0131nlar\u0131na kar\u015f\u0131 gerekli tedbirlerin al\u0131nmas\u0131 amac\u0131yla devriye faaliyetlerini aral\u0131ks\u0131z s\u00fcrd\u00fcr\u00fcyor.<\/p>\n<p>Ayd\u0131n Valili\u011fi\u2019nin 2025\/1 Say\u0131l\u0131 Orman Yang\u0131nlar\u0131n\u0131 \u00d6nleyici Tedbirler konulu karar\u0131 kapsam\u0131nda 1 Haziran-31 Ekim 2025 tarihleri aras\u0131nda belirlenen b\u00f6lgelerdeki alanlara giri\u015fler yaln\u0131zca yetkili makamlar\u0131n izniyle yap\u0131labilecek. Ayd\u0131n \u0130l Jandarma Komutanl\u0131\u011f\u0131 ekipleri, al\u0131nan karar do\u011frultusunda Germencik, Efeler, Karacasu, Ko\u00e7arl\u0131 ve Sultanhisar il\u00e7elerinde devriye faaliyetleri ger\u00e7ekle\u015ftirerek vatanda\u015flar\u0131 bilgilendirdi. Yang\u0131n riski ta\u015f\u0131yan b\u00f6lgelerde denetimlerini art\u0131ran ekipler, \u00f6zellikle ormanl\u0131k alanlarda mangal yak\u0131lmamas\u0131, an\u0131z yak\u0131lmamas\u0131, cam k\u0131r\u0131klar\u0131 ve sigara izmaritlerinin at\u0131lmamas\u0131 konusunda uyar\u0131larda bulundu.<\/p>\n<p>Orman yang\u0131nlar\u0131n\u0131 \u00f6nlemek amac\u0131yla y\u00fcr\u00fct\u00fclen \u00e7al\u0131\u015fmalar kapsam\u0131nda da insans\u0131z hava ara\u00e7lar\u0131 (\u0130HA) ve dronlar kullan\u0131larak s\u00fcrekli g\u00f6zetim yap\u0131lmaya devam ediliyor. Ayd\u0131n Jandarmas\u0131, teknolojik unsurlarla ormanl\u0131k alanlar\u0131 havadan da kontrol alt\u0131nda tutarak yang\u0131n risklerini en aza indirmeyi hedefliyor. Yetkililer, ormanlar\u0131n ve i\u00e7indeki canl\u0131lar\u0131n korunmas\u0131 ad\u0131na vatanda\u015flar\u0131n daha dikkatli davranmalar\u0131 gerekti\u011fini vurgulayarak, gelecek nesillere ye\u015fil bir miras b\u0131rakman\u0131n herkesin sorumlulu\u011fu oldu\u011funun alt\u0131n\u0131 \u00e7izdi.<br \/><\/p>\n","protected":false},"excerpt":{"rendered":"<p>Ayd\u0131n \u0130l Jandarma Komutanl\u0131\u011f\u0131nca orman yang\u0131nlar\u0131n\u0131n \u00f6nlenmesi amac\u0131yla ve vatanda\u015flar\u0131n orman yang\u0131nlar\u0131na kar\u015f\u0131 gerekli tedbirlerin al\u0131nmas\u0131 amac\u0131yla devriye faaliyetlerini aral\u0131ks\u0131z s\u00fcrd\u00fcr\u00fcyor. Ayd\u0131n Valili\u011fi\u2019nin 2025\/1 Say\u0131l\u0131 Orman Yang\u0131nlar\u0131n\u0131 \u00d6nleyici Tedbirler konulu karar\u0131 kapsam\u0131nda 1 Haziran-31 Ekim 2025 tarihleri aras\u0131nda belirlenen b\u00f6lgelerdeki alanlara giri\u015fler yaln\u0131zca yetkili makamlar\u0131n izniyle yap\u0131labilecek. Ayd\u0131n \u0130l Jandarma Komutanl\u0131\u011f\u0131 ekipleri, al\u0131nan karar do\u011frultusunda&#8230;<\/p>\n","protected":false},"author":1,"featured_media":37101,"comment_status":"open","ping_status":"open","sticky":false,"template":"","format":"standard","meta":{"_crdt_document":"","footnotes":""},"categories":[5],"tags":[],"class_list":["post-37100","post","type-post","status-publish","format-standard","has-post-thumbnail","hentry","category-asayis"],"_links":{"self":[{"href":"https:\/\/www.egemtv.com\/index.php?rest_route=\/wp\/v2\/posts\/37100","targetHints":{"allow":["GET"]}}],"collection":[{"href":"https:\/\/www.egemtv.com\/index.php?rest_route=\/wp\/v2\/posts"}],"about":[{"href":"https:\/\/www.egemtv.com\/index.php?rest_route=\/wp\/v2\/types\/post"}],"author":[{"embeddable":true,"href":"https:\/\/www.egemtv.com\/index.php?rest_route=\/wp\/v2\/users\/1"}],"replies":[{"embeddable":true,"href":"https:\/\/www.egemtv.com\/index.php?rest_route=%2Fwp%2Fv2%2Fcomments&post=37100"}],"version-history":[{"count":1,"href":"https:\/\/www.egemtv.com\/index.php?rest_route=\/wp\/v2\/posts\/37100\/revisions"}],"predecessor-version":[{"id":37102,"href":"https:\/\/www.egemtv.com\/index.php?rest_route=\/wp\/v2\/posts\/37100\/revisions\/37102"}],"wp:featuredmedia":[{"embeddable":true,"href":"https:\/\/www.egemtv.com\/index.php?rest_route=\/wp\/v2\/media\/37101"}],"wp:attachment":[{"href":"https:\/\/www.egemtv.com\/index.php?rest_route=%2Fwp%2Fv2%2Fmedia&parent=37100"}],"wp:term":[{"taxonomy":"category","embeddable":true,"href":"https:\/\/www.egemtv.com\/index.php?rest_route=%2Fwp%2Fv2%2Fcategories&post=37100"},{"taxonomy":"post_tag","embeddable":true,"href":"https:\/\/www.egemtv.com\/index.php?rest_route=%2Fwp%2Fv2%2Ftags&post=37100"}],"curies":[{"name":"wp","href":"https:\/\/api.w.org\/{rel}","templated":true}]}}