{"id":37097,"date":"2025-06-23T10:56:17","date_gmt":"2025-06-23T07:56:17","guid":{"rendered":"https:\/\/www.egemtv.com\/?p=37097"},"modified":"2025-06-23T10:56:31","modified_gmt":"2025-06-23T07:56:31","slug":"muglaya-kavurucu-sicaklar-geliyor","status":"publish","type":"post","link":"https:\/\/www.egemtv.com\/?p=37097","title":{"rendered":"Mu\u011fla\u2019ya kavurucu s\u0131caklar geliyor"},"content":{"rendered":"<p>Meteoroloji 4. B\u00f6lge M\u00fcd\u00fcrl\u00fc\u011f\u00fc B\u00f6lge Tahmin ve Uyar\u0131 Merkezinden yap\u0131lan a\u00e7\u0131klamada, Mu\u011fla 24 Haziran\u2019dan itibaren hava s\u0131cakl\u0131\u011f\u0131 40 derecenin \u00fczerine \u00e7\u0131kacak.<br \/>\n<br \/>Yap\u0131lan uyar\u0131da, &#8220;Yap\u0131lan son meteorolojik de\u011ferlendirmelere g\u00f6re; B\u00f6lgemiz genelinde (Antalya, Mu\u011fla, Isparta, Burdur) halen mevsim normalleri civar\u0131nda seyreden hava s\u0131cakl\u0131klar\u0131n\u0131n 24 Haziran 2025 Sal\u0131 g\u00fcn\u00fcnden itibaren artarak, ba\u015fta sahil kesimler olmak \u00fczere, b\u00f6lge genelinde mevsim normallerinin 6 il\u00e2 9 derece \u00fczerine \u00e7\u0131kaca\u011f\u0131 tahmin edilmektedir. Mu\u011fla\u2019da \u00f6zellikle k\u0131y\u0131 \u015feridinde 24 Haziran il\u00e2 29 Haziran 2025 tarihleri aras\u0131nda beklenen hava s\u0131cakl\u0131\u011f\u0131 40 derecenin \u00fczerine \u00e7\u0131kacak. Mevsim normallerinin \u00fczerinde seyredecek olan hava s\u0131cakl\u0131klar\u0131 nedeniyle; kronik rahats\u0131zl\u0131\u011f\u0131 olanlar, ya\u015fl\u0131lar\u0131m\u0131z ve \u00e7ocuklar\u0131m\u0131z ba\u015fta olmak \u00fczere vatanda\u015flar\u0131m\u0131z\u0131n g\u00fcn\u00fcn en s\u0131cak saatleri olan 11 ile 16 saatleri aras\u0131nda a\u00e7\u0131k alanda bulunmamalar\u0131 hususunda dikkatli ve tedbirli olmalar\u0131 gerekmektedir&#8221; denildi.<br \/><\/p>\n","protected":false},"excerpt":{"rendered":"<p>Meteoroloji 4. B\u00f6lge M\u00fcd\u00fcrl\u00fc\u011f\u00fc B\u00f6lge Tahmin ve Uyar\u0131 Merkezinden yap\u0131lan a\u00e7\u0131klamada, Mu\u011fla 24 Haziran\u2019dan itibaren hava s\u0131cakl\u0131\u011f\u0131 40 derecenin \u00fczerine \u00e7\u0131kacak. Yap\u0131lan uyar\u0131da, &#8220;Yap\u0131lan son meteorolojik de\u011ferlendirmelere g\u00f6re; B\u00f6lgemiz genelinde (Antalya, Mu\u011fla, Isparta, Burdur) halen mevsim normalleri civar\u0131nda seyreden hava s\u0131cakl\u0131klar\u0131n\u0131n 24 Haziran 2025 Sal\u0131 g\u00fcn\u00fcnden itibaren artarak, ba\u015fta sahil kesimler olmak \u00fczere, b\u00f6lge genelinde&#8230;<\/p>\n","protected":false},"author":1,"featured_media":37098,"comment_status":"open","ping_status":"open","sticky":false,"template":"","format":"standard","meta":{"_crdt_document":"","footnotes":""},"categories":[1],"tags":[],"class_list":["post-37097","post","type-post","status-publish","format-standard","has-post-thumbnail","hentry","category-guncel"],"_links":{"self":[{"href":"https:\/\/www.egemtv.com\/index.php?rest_route=\/wp\/v2\/posts\/37097","targetHints":{"allow":["GET"]}}],"collection":[{"href":"https:\/\/www.egemtv.com\/index.php?rest_route=\/wp\/v2\/posts"}],"about":[{"href":"https:\/\/www.egemtv.com\/index.php?rest_route=\/wp\/v2\/types\/post"}],"author":[{"embeddable":true,"href":"https:\/\/www.egemtv.com\/index.php?rest_route=\/wp\/v2\/users\/1"}],"replies":[{"embeddable":true,"href":"https:\/\/www.egemtv.com\/index.php?rest_route=%2Fwp%2Fv2%2Fcomments&post=37097"}],"version-history":[{"count":1,"href":"https:\/\/www.egemtv.com\/index.php?rest_route=\/wp\/v2\/posts\/37097\/revisions"}],"predecessor-version":[{"id":37099,"href":"https:\/\/www.egemtv.com\/index.php?rest_route=\/wp\/v2\/posts\/37097\/revisions\/37099"}],"wp:featuredmedia":[{"embeddable":true,"href":"https:\/\/www.egemtv.com\/index.php?rest_route=\/wp\/v2\/media\/37098"}],"wp:attachment":[{"href":"https:\/\/www.egemtv.com\/index.php?rest_route=%2Fwp%2Fv2%2Fmedia&parent=37097"}],"wp:term":[{"taxonomy":"category","embeddable":true,"href":"https:\/\/www.egemtv.com\/index.php?rest_route=%2Fwp%2Fv2%2Fcategories&post=37097"},{"taxonomy":"post_tag","embeddable":true,"href":"https:\/\/www.egemtv.com\/index.php?rest_route=%2Fwp%2Fv2%2Ftags&post=37097"}],"curies":[{"name":"wp","href":"https:\/\/api.w.org\/{rel}","templated":true}]}}