{"id":37052,"date":"2025-06-22T21:56:16","date_gmt":"2025-06-22T18:56:16","guid":{"rendered":"https:\/\/www.egemtv.com\/?p=37052"},"modified":"2025-06-22T21:56:21","modified_gmt":"2025-06-22T18:56:21","slug":"kentin-zirve-noktasindan-yukselen-kara-dumanlar-panikletti","status":"publish","type":"post","link":"https:\/\/www.egemtv.com\/?p=37052","title":{"rendered":"Kentin zirve noktas\u0131ndan y\u00fckselen kara dumanlar panikletti"},"content":{"rendered":"<p>Ayd\u0131n\u2019\u0131n Efeler il\u00e7esi Adnan Menderes \u00dcniversitesi\u2019nin oldu\u011fu alandan y\u00fckselen ve kentin bir\u00e7ok b\u00f6lgesinden g\u00f6r\u00fcnen kara duman vatanda\u015flar\u0131 panikletti. Yang\u0131n\u0131n eski \u00e7\u00f6pl\u00fck alanda meydana geldi\u011fi \u00f6\u011frenince herkes rahat nefes ald\u0131.<\/p>\n<p>Edinilen bilgiye g\u00f6re, Ayd\u0131n Adnan Menderes \u00dcniversitesi (AD\u00dc) merkez kamp\u00fcs\u00fc ve Uygulama ve Ara\u015ft\u0131rma Hastanesi\u2019nin bulundu\u011fu Kepez Mevkii\u2019nden dumanlar y\u00fckselmeye ba\u015flad\u0131. Dumanlar\u0131 fark eden vatanda\u015flar durumu 112 Acil \u00c7a\u011fr\u0131 Merkezi\u2019ne bildirdi. H\u0131zla olay yerine gelen Ayd\u0131n B\u00fcy\u00fck\u015fehir Belediyesi \u0130tfaiye Daire Ba\u015fkanl\u0131\u011f\u0131 ekipleri alevlerin AD\u00dc merkez kamp\u00fcs\u00fcn\u00fcn arka k\u0131sm\u0131nda bulunan ve Zindan Deresi olarak adland\u0131r\u0131lan eski \u00e7\u00f6pl\u00fck b\u00f6lgesinden \u00e7\u0131kt\u0131\u011f\u0131n\u0131 tespit etti. \u0130tfaiye ekipleri alevlere m\u00fcdahale ederek yang\u0131n\u0131 kontrol alt\u0131na al\u0131rken, yang\u0131n\u0131n AD\u00dc\u2019de de\u011fil eski \u00e7\u00f6pl\u00fck alan\u0131ndan \u00e7\u0131kt\u0131\u011f\u0131n\u0131 \u00f6\u011frenen vatanda\u015flar da rahat bir nefes ald\u0131.<\/p>\n<p>Olayla ilgili soru\u015fturma s\u00fcr\u00fcyor.<br \/><\/p>\n","protected":false},"excerpt":{"rendered":"<p>Ayd\u0131n\u2019\u0131n Efeler il\u00e7esi Adnan Menderes \u00dcniversitesi\u2019nin oldu\u011fu alandan y\u00fckselen ve kentin bir\u00e7ok b\u00f6lgesinden g\u00f6r\u00fcnen kara duman vatanda\u015flar\u0131 panikletti. Yang\u0131n\u0131n eski \u00e7\u00f6pl\u00fck alanda meydana geldi\u011fi \u00f6\u011frenince herkes rahat nefes ald\u0131. Edinilen bilgiye g\u00f6re, Ayd\u0131n Adnan Menderes \u00dcniversitesi (AD\u00dc) merkez kamp\u00fcs\u00fc ve Uygulama ve Ara\u015ft\u0131rma Hastanesi\u2019nin bulundu\u011fu Kepez Mevkii\u2019nden dumanlar y\u00fckselmeye ba\u015flad\u0131. Dumanlar\u0131 fark eden vatanda\u015flar durumu&#8230;<\/p>\n","protected":false},"author":1,"featured_media":37053,"comment_status":"open","ping_status":"open","sticky":false,"template":"","format":"standard","meta":{"_crdt_document":"","footnotes":""},"categories":[5],"tags":[],"class_list":["post-37052","post","type-post","status-publish","format-standard","has-post-thumbnail","hentry","category-asayis"],"_links":{"self":[{"href":"https:\/\/www.egemtv.com\/index.php?rest_route=\/wp\/v2\/posts\/37052","targetHints":{"allow":["GET"]}}],"collection":[{"href":"https:\/\/www.egemtv.com\/index.php?rest_route=\/wp\/v2\/posts"}],"about":[{"href":"https:\/\/www.egemtv.com\/index.php?rest_route=\/wp\/v2\/types\/post"}],"author":[{"embeddable":true,"href":"https:\/\/www.egemtv.com\/index.php?rest_route=\/wp\/v2\/users\/1"}],"replies":[{"embeddable":true,"href":"https:\/\/www.egemtv.com\/index.php?rest_route=%2Fwp%2Fv2%2Fcomments&post=37052"}],"version-history":[{"count":1,"href":"https:\/\/www.egemtv.com\/index.php?rest_route=\/wp\/v2\/posts\/37052\/revisions"}],"predecessor-version":[{"id":37054,"href":"https:\/\/www.egemtv.com\/index.php?rest_route=\/wp\/v2\/posts\/37052\/revisions\/37054"}],"wp:featuredmedia":[{"embeddable":true,"href":"https:\/\/www.egemtv.com\/index.php?rest_route=\/wp\/v2\/media\/37053"}],"wp:attachment":[{"href":"https:\/\/www.egemtv.com\/index.php?rest_route=%2Fwp%2Fv2%2Fmedia&parent=37052"}],"wp:term":[{"taxonomy":"category","embeddable":true,"href":"https:\/\/www.egemtv.com\/index.php?rest_route=%2Fwp%2Fv2%2Fcategories&post=37052"},{"taxonomy":"post_tag","embeddable":true,"href":"https:\/\/www.egemtv.com\/index.php?rest_route=%2Fwp%2Fv2%2Ftags&post=37052"}],"curies":[{"name":"wp","href":"https:\/\/api.w.org\/{rel}","templated":true}]}}