{"id":37049,"date":"2025-06-22T21:56:12","date_gmt":"2025-06-22T18:56:12","guid":{"rendered":"https:\/\/www.egemtv.com\/?p=37049"},"modified":"2025-06-22T21:56:16","modified_gmt":"2025-06-22T18:56:16","slug":"baskan-cercioglu-yangin-bolgesinde","status":"publish","type":"post","link":"https:\/\/www.egemtv.com\/?p=37049","title":{"rendered":"Ba\u015fkan \u00c7er\u00e7io\u011flu yang\u0131n b\u00f6lgesinde"},"content":{"rendered":"<p>Ayd\u0131n B\u00fcy\u00fck\u015fehir Belediye Ba\u015fkan\u0131 \u00d6zlem \u00c7er\u00e7io\u011flu, S\u00f6ke il\u00e7esinde \u00e7\u0131kan zirai alanda \u00e7\u0131kan ve ormana yay\u0131lan yang\u0131n\u0131n \u00e7al\u0131\u015fmalar\u0131n\u0131 yerinde inceledi. Ba\u015fkan \u00c7er\u00e7io\u011flu, &#8220;Yang\u0131n\u0131 kontrol alt\u0131na almak i\u00e7in \u00e7al\u0131\u015fmaya devam ediyoruz&#8221; dedi.<\/p>\n<p>Yang\u0131n, Ba\u011faras\u0131 Mahallesi\u2019nin \u00fcst k\u0131s\u0131mlar\u0131nda bulunan zirai alanda saat 17.00 s\u0131ralar\u0131nda meydana geldi. Edinilen bilgiye g\u00f6re, yerle\u015fim yerlerine yak\u0131n b\u00f6lgedeki zeytinlik alandan alevlerin y\u00fckseldi\u011fini fark eden vatanda\u015flar, durumu 112 Acil \u00c7a\u011fr\u0131 Merkezi\u2019ne bildirdi. \u0130hbar \u00fczerine b\u00f6lgeye itfaiye ve orman ekipleri sevk edildi. K\u0131sa s\u00fcrede olay yerine gelen Ayd\u0131n B\u00fcy\u00fck\u015fehir Belediyesi \u0130tfaiye Daire Ba\u015fkanl\u0131\u011f\u0131 ve Mu\u011fla Orman B\u00f6lge M\u00fcd\u00fcrl\u00fc\u011f\u00fc ekipleri alevlere m\u00fcdahale ederken, Orman B\u00f6lge M\u00fcd\u00fcrl\u00fc\u011f\u00fc\u2019ne ba\u011fl\u0131 hava ara\u00e7lar\u0131 da ekiplere havadan destek verdi.<\/p>\n<p>Ba\u015fkan \u00c7er\u00e7io\u011flu b\u00f6lgeye geldi<br \/>\n<br \/>Zirai alanda \u00e7\u0131kan ve b\u00fcy\u00fcyerek ormana yay\u0131lan yang\u0131n haberini al\u0131r almaz Ba\u011faras\u0131 Mahallesi\u2019ne gelen Ayd\u0131n B\u00fcy\u00fck\u015fehir Belediye Ba\u015fkan\u0131 \u00d6zlem \u00c7er\u00e7io\u011flu ekiplerin \u00e7al\u0131\u015fmalar\u0131n\u0131 yerinde inceleyerek yang\u0131n\u0131n son durumu hakk\u0131nda bilgi ald\u0131. Ba\u015fkan \u00c7er\u00e7io\u011flu, &#8220;S\u00f6ke Ba\u011faras\u0131 Mahallesi\u2019nde \u00e7\u0131kan ve b\u00f6lgede yay\u0131lan orman yang\u0131n\u0131n\u0131 yerinde inceledik. Yang\u0131n\u0131 kontrol alt\u0131na almak i\u00e7in \u00e7al\u0131\u015fmaya devam ediyoruz. T\u00fcm vatanda\u015flar\u0131m\u0131za ge\u00e7mi\u015f olsun dileklerimi iletiyorum&#8221; ifadelerini kulland\u0131.<br \/><\/p>\n","protected":false},"excerpt":{"rendered":"<p>Ayd\u0131n B\u00fcy\u00fck\u015fehir Belediye Ba\u015fkan\u0131 \u00d6zlem \u00c7er\u00e7io\u011flu, S\u00f6ke il\u00e7esinde \u00e7\u0131kan zirai alanda \u00e7\u0131kan ve ormana yay\u0131lan yang\u0131n\u0131n \u00e7al\u0131\u015fmalar\u0131n\u0131 yerinde inceledi. Ba\u015fkan \u00c7er\u00e7io\u011flu, &#8220;Yang\u0131n\u0131 kontrol alt\u0131na almak i\u00e7in \u00e7al\u0131\u015fmaya devam ediyoruz&#8221; dedi. Yang\u0131n, Ba\u011faras\u0131 Mahallesi\u2019nin \u00fcst k\u0131s\u0131mlar\u0131nda bulunan zirai alanda saat 17.00 s\u0131ralar\u0131nda meydana geldi. Edinilen bilgiye g\u00f6re, yerle\u015fim yerlerine yak\u0131n b\u00f6lgedeki zeytinlik alandan alevlerin y\u00fckseldi\u011fini fark&#8230;<\/p>\n","protected":false},"author":1,"featured_media":37050,"comment_status":"open","ping_status":"open","sticky":false,"template":"","format":"standard","meta":{"_crdt_document":"","footnotes":""},"categories":[5],"tags":[],"class_list":["post-37049","post","type-post","status-publish","format-standard","has-post-thumbnail","hentry","category-asayis"],"_links":{"self":[{"href":"https:\/\/www.egemtv.com\/index.php?rest_route=\/wp\/v2\/posts\/37049","targetHints":{"allow":["GET"]}}],"collection":[{"href":"https:\/\/www.egemtv.com\/index.php?rest_route=\/wp\/v2\/posts"}],"about":[{"href":"https:\/\/www.egemtv.com\/index.php?rest_route=\/wp\/v2\/types\/post"}],"author":[{"embeddable":true,"href":"https:\/\/www.egemtv.com\/index.php?rest_route=\/wp\/v2\/users\/1"}],"replies":[{"embeddable":true,"href":"https:\/\/www.egemtv.com\/index.php?rest_route=%2Fwp%2Fv2%2Fcomments&post=37049"}],"version-history":[{"count":1,"href":"https:\/\/www.egemtv.com\/index.php?rest_route=\/wp\/v2\/posts\/37049\/revisions"}],"predecessor-version":[{"id":37051,"href":"https:\/\/www.egemtv.com\/index.php?rest_route=\/wp\/v2\/posts\/37049\/revisions\/37051"}],"wp:featuredmedia":[{"embeddable":true,"href":"https:\/\/www.egemtv.com\/index.php?rest_route=\/wp\/v2\/media\/37050"}],"wp:attachment":[{"href":"https:\/\/www.egemtv.com\/index.php?rest_route=%2Fwp%2Fv2%2Fmedia&parent=37049"}],"wp:term":[{"taxonomy":"category","embeddable":true,"href":"https:\/\/www.egemtv.com\/index.php?rest_route=%2Fwp%2Fv2%2Fcategories&post=37049"},{"taxonomy":"post_tag","embeddable":true,"href":"https:\/\/www.egemtv.com\/index.php?rest_route=%2Fwp%2Fv2%2Ftags&post=37049"}],"curies":[{"name":"wp","href":"https:\/\/api.w.org\/{rel}","templated":true}]}}