{"id":37046,"date":"2025-06-22T21:56:07","date_gmt":"2025-06-22T18:56:07","guid":{"rendered":"https:\/\/www.egemtv.com\/?p=37046"},"modified":"2025-06-22T21:56:12","modified_gmt":"2025-06-22T18:56:12","slug":"ot-toplamak-icin-antik-kente-cikan-kadin-kayaliklardan-duserek-hayatini-kaybetti","status":"publish","type":"post","link":"https:\/\/www.egemtv.com\/?p=37046","title":{"rendered":"Ot toplamak i\u00e7in antik kente \u00e7\u0131kan kad\u0131n kayal\u0131klardan d\u00fc\u015ferek hayat\u0131n\u0131 kaybetti"},"content":{"rendered":"<p>Burdur\u2019un Bucak il\u00e7esinde ot toplamak i\u00e7in Kremna Antik Kenti\u2019ne \u00e7\u0131kan kad\u0131n, kayakl\u0131klardan d\u00fc\u015ferek hayat\u0131n\u0131 kaybetti.<br \/>\n<br \/>Olay, saat 16.45 s\u0131ralar\u0131nda Bucak il\u00e7esi \u00c7aml\u0131k k\u00f6y\u00fcnde bulunan Kremna Antik Kenti\u2019nde meydana geldi. Edinilen bilgilere g\u00f6re, ot toplamak i\u00e7in antik kente \u00e7\u0131kan Fatma Acar (47) dengesini kaybederek kayal\u0131klardan d\u00fc\u015ft\u00fc. Yak\u0131nlar\u0131n\u0131n 112 Acil \u00c7a\u011fr\u0131 Merkezi\u2019ne ihbar\u0131 \u00fczerine b\u00f6lgeye AFAD, itfaiye, sa\u011fl\u0131k ve jandarma ekipleri sevk edildi. B\u00f6lgeye gelen ekiplerin yapt\u0131\u011f\u0131 aramalar sonras\u0131nda talihsiz kad\u0131n kayal\u0131klardan yakla\u015f\u0131k 15 metre a\u015fa\u011f\u0131da hareketsiz halde bulundu. Sa\u011fl\u0131k ekiplerinin yapt\u0131\u011f\u0131 kontrollerde Acar\u2019\u0131n hayat\u0131n\u0131 kaybetti\u011fi belirlendi.<br \/>\n<br \/>Acar\u2019\u0131n cenazesi olay yeri inceleme ve cumhuriyet savc\u0131s\u0131n\u0131n \u00e7al\u0131\u015fmalar\u0131 sonras\u0131nda otopsi yap\u0131lmak \u00fczere Bucak Devlet Hastanesi morguna kald\u0131r\u0131ld\u0131. Olayla ilgili inceleme ba\u015flat\u0131ld\u0131.<br \/><\/p>\n","protected":false},"excerpt":{"rendered":"<p>Burdur\u2019un Bucak il\u00e7esinde ot toplamak i\u00e7in Kremna Antik Kenti\u2019ne \u00e7\u0131kan kad\u0131n, kayakl\u0131klardan d\u00fc\u015ferek hayat\u0131n\u0131 kaybetti. Olay, saat 16.45 s\u0131ralar\u0131nda Bucak il\u00e7esi \u00c7aml\u0131k k\u00f6y\u00fcnde bulunan Kremna Antik Kenti\u2019nde meydana geldi. Edinilen bilgilere g\u00f6re, ot toplamak i\u00e7in antik kente \u00e7\u0131kan Fatma Acar (47) dengesini kaybederek kayal\u0131klardan d\u00fc\u015ft\u00fc. Yak\u0131nlar\u0131n\u0131n 112 Acil \u00c7a\u011fr\u0131 Merkezi\u2019ne ihbar\u0131 \u00fczerine b\u00f6lgeye AFAD, itfaiye,&#8230;<\/p>\n","protected":false},"author":1,"featured_media":37047,"comment_status":"open","ping_status":"open","sticky":false,"template":"","format":"standard","meta":{"_crdt_document":"","footnotes":""},"categories":[5],"tags":[],"class_list":["post-37046","post","type-post","status-publish","format-standard","has-post-thumbnail","hentry","category-asayis"],"_links":{"self":[{"href":"https:\/\/www.egemtv.com\/index.php?rest_route=\/wp\/v2\/posts\/37046","targetHints":{"allow":["GET"]}}],"collection":[{"href":"https:\/\/www.egemtv.com\/index.php?rest_route=\/wp\/v2\/posts"}],"about":[{"href":"https:\/\/www.egemtv.com\/index.php?rest_route=\/wp\/v2\/types\/post"}],"author":[{"embeddable":true,"href":"https:\/\/www.egemtv.com\/index.php?rest_route=\/wp\/v2\/users\/1"}],"replies":[{"embeddable":true,"href":"https:\/\/www.egemtv.com\/index.php?rest_route=%2Fwp%2Fv2%2Fcomments&post=37046"}],"version-history":[{"count":1,"href":"https:\/\/www.egemtv.com\/index.php?rest_route=\/wp\/v2\/posts\/37046\/revisions"}],"predecessor-version":[{"id":37048,"href":"https:\/\/www.egemtv.com\/index.php?rest_route=\/wp\/v2\/posts\/37046\/revisions\/37048"}],"wp:featuredmedia":[{"embeddable":true,"href":"https:\/\/www.egemtv.com\/index.php?rest_route=\/wp\/v2\/media\/37047"}],"wp:attachment":[{"href":"https:\/\/www.egemtv.com\/index.php?rest_route=%2Fwp%2Fv2%2Fmedia&parent=37046"}],"wp:term":[{"taxonomy":"category","embeddable":true,"href":"https:\/\/www.egemtv.com\/index.php?rest_route=%2Fwp%2Fv2%2Fcategories&post=37046"},{"taxonomy":"post_tag","embeddable":true,"href":"https:\/\/www.egemtv.com\/index.php?rest_route=%2Fwp%2Fv2%2Ftags&post=37046"}],"curies":[{"name":"wp","href":"https:\/\/api.w.org\/{rel}","templated":true}]}}