{"id":37043,"date":"2025-06-22T21:16:35","date_gmt":"2025-06-22T18:16:35","guid":{"rendered":"https:\/\/www.egemtv.com\/?p=37043"},"modified":"2025-06-22T21:16:40","modified_gmt":"2025-06-22T18:16:40","slug":"tanitimi-yapilan-bogaya-para-atarken-boynuz-darbesiyle-yaralandi","status":"publish","type":"post","link":"https:\/\/www.egemtv.com\/?p=37043","title":{"rendered":"Tan\u0131t\u0131m\u0131 yap\u0131lan bo\u011faya para atarken boynuz darbesiyle yaraland\u0131"},"content":{"rendered":"<p>Mu\u011fla\u2019n\u0131n Mente\u015fe il\u00e7esinde tan\u0131t\u0131m\u0131 yap\u0131lan bo\u011faya para atmak i\u00e7in yakla\u015fan bir vatanda\u015f, bo\u011fan\u0131n sald\u0131r\u0131s\u0131na u\u011frayarak yaraland\u0131.<br \/>\n<br \/>Edinilen bilgiye g\u00f6re, Do\u011fank\u00f6y Mahallesi\u2019nde bo\u011fa g\u00fcre\u015fi \u00f6ncesinde d\u00fczenlenen tan\u0131t\u0131m etkinli\u011finde bo\u011fan\u0131n sergilendi\u011fi alana yakla\u015fan vatanda\u015f bo\u011faya para atmak isterken aniden sald\u0131r\u0131ya u\u011frad\u0131. Kalabal\u0131\u011f\u0131n g\u00f6z\u00fc \u00f6n\u00fcnde ya\u015fanan olay sonras\u0131 vatanda\u015f, bo\u011fan\u0131n boynuz darbesiyle yere savrularak yaraland\u0131. \u0130hbar \u00fczerine olay yerine gelen sa\u011fl\u0131k ekipleri, yaral\u0131 vatanda\u015f\u0131 ilk m\u00fcdahalenin ard\u0131ndan hastaneye kald\u0131rd\u0131. \u00d6te yandan k\u0131zg\u0131n bo\u011fa ise, sahibi taraf\u0131ndan olay yerinden uzakla\u015ft\u0131r\u0131larak kontrol alt\u0131na al\u0131nd\u0131.<br \/><\/p>\n","protected":false},"excerpt":{"rendered":"<p>Mu\u011fla\u2019n\u0131n Mente\u015fe il\u00e7esinde tan\u0131t\u0131m\u0131 yap\u0131lan bo\u011faya para atmak i\u00e7in yakla\u015fan bir vatanda\u015f, bo\u011fan\u0131n sald\u0131r\u0131s\u0131na u\u011frayarak yaraland\u0131. Edinilen bilgiye g\u00f6re, Do\u011fank\u00f6y Mahallesi\u2019nde bo\u011fa g\u00fcre\u015fi \u00f6ncesinde d\u00fczenlenen tan\u0131t\u0131m etkinli\u011finde bo\u011fan\u0131n sergilendi\u011fi alana yakla\u015fan vatanda\u015f bo\u011faya para atmak isterken aniden sald\u0131r\u0131ya u\u011frad\u0131. Kalabal\u0131\u011f\u0131n g\u00f6z\u00fc \u00f6n\u00fcnde ya\u015fanan olay sonras\u0131 vatanda\u015f, bo\u011fan\u0131n boynuz darbesiyle yere savrularak yaraland\u0131. \u0130hbar \u00fczerine olay&#8230;<\/p>\n","protected":false},"author":1,"featured_media":37044,"comment_status":"open","ping_status":"open","sticky":false,"template":"","format":"standard","meta":{"_crdt_document":"","footnotes":""},"categories":[5],"tags":[],"class_list":["post-37043","post","type-post","status-publish","format-standard","has-post-thumbnail","hentry","category-asayis"],"_links":{"self":[{"href":"https:\/\/www.egemtv.com\/index.php?rest_route=\/wp\/v2\/posts\/37043","targetHints":{"allow":["GET"]}}],"collection":[{"href":"https:\/\/www.egemtv.com\/index.php?rest_route=\/wp\/v2\/posts"}],"about":[{"href":"https:\/\/www.egemtv.com\/index.php?rest_route=\/wp\/v2\/types\/post"}],"author":[{"embeddable":true,"href":"https:\/\/www.egemtv.com\/index.php?rest_route=\/wp\/v2\/users\/1"}],"replies":[{"embeddable":true,"href":"https:\/\/www.egemtv.com\/index.php?rest_route=%2Fwp%2Fv2%2Fcomments&post=37043"}],"version-history":[{"count":1,"href":"https:\/\/www.egemtv.com\/index.php?rest_route=\/wp\/v2\/posts\/37043\/revisions"}],"predecessor-version":[{"id":37045,"href":"https:\/\/www.egemtv.com\/index.php?rest_route=\/wp\/v2\/posts\/37043\/revisions\/37045"}],"wp:featuredmedia":[{"embeddable":true,"href":"https:\/\/www.egemtv.com\/index.php?rest_route=\/wp\/v2\/media\/37044"}],"wp:attachment":[{"href":"https:\/\/www.egemtv.com\/index.php?rest_route=%2Fwp%2Fv2%2Fmedia&parent=37043"}],"wp:term":[{"taxonomy":"category","embeddable":true,"href":"https:\/\/www.egemtv.com\/index.php?rest_route=%2Fwp%2Fv2%2Fcategories&post=37043"},{"taxonomy":"post_tag","embeddable":true,"href":"https:\/\/www.egemtv.com\/index.php?rest_route=%2Fwp%2Fv2%2Ftags&post=37043"}],"curies":[{"name":"wp","href":"https:\/\/api.w.org\/{rel}","templated":true}]}}