{"id":37025,"date":"2025-06-22T19:57:03","date_gmt":"2025-06-22T16:57:03","guid":{"rendered":"https:\/\/www.egemtv.com\/?p=37025"},"modified":"2025-06-22T19:57:08","modified_gmt":"2025-06-22T16:57:08","slug":"kirkagactaki-orman-yanginina-mudahale-suruyor-bir-mahalle-tedbir-amacli-tahliye-edildi","status":"publish","type":"post","link":"https:\/\/www.egemtv.com\/?p=37025","title":{"rendered":"K\u0131rka\u011fa\u00e7\u2019taki orman yang\u0131n\u0131na m\u00fcdahale s\u00fcr\u00fcyor: Bir mahalle tedbir ama\u00e7l\u0131 tahliye edildi"},"content":{"rendered":"<p>Manisa\u2019n\u0131n K\u0131rka\u011fa\u00e7 il\u00e7esinde devam eden orman yang\u0131n\u0131nda Bostanc\u0131 Mahallesi tedbir ama\u00e7l\u0131 tahliye edilirken b\u00f6lgede incelemelerini s\u00fcrd\u00fcren Manisa Valisi Vahdettin \u00d6zkan, &#8220;\u00c7ok etkin ve yayg\u0131n bir \u015fekilde m\u00fcdahalemiz devam ediyor&#8221; dedi.<br \/>\n<br \/>Manisa\u2019n\u0131n K\u0131rka\u011fa\u00e7 il\u00e7esine ba\u011fl\u0131 Gelenbe Mahallesi yak\u0131nlar\u0131ndaki ormanl\u0131k alanda d\u00fcn ba\u015flayan yang\u0131n bu sabah saatlerinde k\u0131smen kontrol alt\u0131na al\u0131nd\u0131 ancak \u00f6\u011fle saatlerinde r\u00fczgar\u0131n da etkisiyle yeniden ba\u015flad\u0131. T\u00fcm kamu, belediye ve sivil toplum kurulu\u015flar\u0131n\u0131n seferber oldu\u011fu yang\u0131na 11 hava arac\u0131, 43 s\u00f6nd\u00fcrme ekibi, 21 su tankeri,  3 TOMA, 12 i\u015f makinas\u0131, 4 ambulans, 4 teknik ekip, 325 personel ile m\u00fcdahale devam ediyor.<br \/>\n<br \/>\u00d6te yandan, Bostanc\u0131 Mahallesi ise tedbir ama\u00e7l\u0131 tahliye edildi. B\u00f6lgeye gelen Manisa Valisi Vahdettin \u00d6zkan hem tahliye \u00e7al\u0131\u015fmalar\u0131n\u0131 hem de s\u00f6nd\u00fcrme \u00e7al\u0131\u015fmalar\u0131n\u0131 yerinde inceleyerek bilgi ald\u0131. Yang\u0131n\u0131n s\u00f6nd\u00fcr\u00fclmesi amac\u0131yla t\u00fcm kamu birimlerinin adeta seferber oldu\u011funu s\u00f6yleyen Vali \u00d6zkan, &#8220;D\u00fcn ak\u015fam saatlerinde ba\u015flayan yang\u0131n bug\u00fcn 09.30 s\u0131ralar\u0131nda k\u0131smen kontrol alt\u0131na al\u0131nd\u0131. Maalesef daha sonra \u00f6\u011flen saatlerinde tekrar ba\u015flad\u0131. Yang\u0131nla ilgili Tar\u0131m ve Orman Bakanl\u0131\u011f\u0131m\u0131z\u0131n koordinasyonunda b\u00fct\u00fcn kamu birimlerimiz, belediyelerimiz m\u00fcdahale etmektedir. 40\u2019\u0131n \u00fczerinde s\u00f6nd\u00fcrme ekibimiz mevcut. \u00c7ok etkin ve yayg\u0131n bir \u015fekilde m\u00fcdahalemiz devam ediyor. Yerle\u015fim yerleriyle ilgili de Bostanc\u0131 Mahallemizde tahliye i\u015flemleri yap\u0131ld\u0131. Bu konuda \u00f6zellikle hem ba\u015fta orman g\u00f6n\u00fcll\u00fcleri, orman te\u015fkilat\u0131m\u0131z olmak \u00fczere b\u00fct\u00fcn ilgili kurulu\u015flar\u0131m\u0131z, AFAD\u2019\u0131m\u0131z, sa\u011fl\u0131k birimlerimiz, belediyelerimiz t\u00fcm g\u00f6n\u00fcll\u00fc vatanda\u015flarla beraber b\u00fct\u00fcn imkan ve kabiliyetlerini bu orman yang\u0131n\u0131n\u0131n s\u00f6nd\u00fcr\u00fclmesi i\u00e7in harc\u0131yor. \u00c7al\u0131\u015fmalar\u0131m\u0131z etkili bir \u015fekilde devam ediyor. \u0130n\u015fallah en k\u0131sa s\u00fcrede kontrol alt\u0131na al\u0131p herhangi bir can mal kayb\u0131 olmadan bu yang\u0131n\u0131 s\u00f6nd\u00fcrm\u00fc\u015f olaca\u011f\u0131z diye temenni ediyoruz. Yang\u0131na m\u00fcdahaleden ziyade yang\u0131n olmadan \u00f6nceki \u00f6nleyici tedbirler i\u015fin a\u011f\u0131rl\u0131kl\u0131 k\u0131sm\u0131n\u0131 olu\u015fturmaktad\u0131r. B\u00fct\u00fcn vatanda\u015flar\u0131m\u0131z\u0131, b\u00fct\u00fcn kurumlar\u0131m\u0131z\u0131n ormanlardaki yang\u0131n riskiyle ilgili en y\u00fcksek duyarl\u0131l\u0131kla b\u00fct\u00fcn tedbirleri etkinle\u015ftirmeleri i\u015fin esas\u0131n\u0131 olu\u015fturmaktad\u0131r&#8221; dedi.<br \/>\n<br \/>\u00d6te yandan, ormana yak\u0131n bulunan baz\u0131 evler s\u0131\u00e7rayan alevlerden etkilenirken, ekipler an\u0131nda m\u00fcdahale etti. Yang\u0131n\u0131 s\u00f6nd\u00fcrme \u00e7al\u0131\u015fmalar\u0131na devam ediliyor.<br \/><\/p>\n","protected":false},"excerpt":{"rendered":"<p>Manisa\u2019n\u0131n K\u0131rka\u011fa\u00e7 il\u00e7esinde devam eden orman yang\u0131n\u0131nda Bostanc\u0131 Mahallesi tedbir ama\u00e7l\u0131 tahliye edilirken b\u00f6lgede incelemelerini s\u00fcrd\u00fcren Manisa Valisi Vahdettin \u00d6zkan, &#8220;\u00c7ok etkin ve yayg\u0131n bir \u015fekilde m\u00fcdahalemiz devam ediyor&#8221; dedi. Manisa\u2019n\u0131n K\u0131rka\u011fa\u00e7 il\u00e7esine ba\u011fl\u0131 Gelenbe Mahallesi yak\u0131nlar\u0131ndaki ormanl\u0131k alanda d\u00fcn ba\u015flayan yang\u0131n bu sabah saatlerinde k\u0131smen kontrol alt\u0131na al\u0131nd\u0131 ancak \u00f6\u011fle saatlerinde r\u00fczgar\u0131n da etkisiyle&#8230;<\/p>\n","protected":false},"author":1,"featured_media":37026,"comment_status":"open","ping_status":"open","sticky":false,"template":"","format":"standard","meta":{"_crdt_document":"","footnotes":""},"categories":[5],"tags":[],"class_list":["post-37025","post","type-post","status-publish","format-standard","has-post-thumbnail","hentry","category-asayis"],"_links":{"self":[{"href":"https:\/\/www.egemtv.com\/index.php?rest_route=\/wp\/v2\/posts\/37025","targetHints":{"allow":["GET"]}}],"collection":[{"href":"https:\/\/www.egemtv.com\/index.php?rest_route=\/wp\/v2\/posts"}],"about":[{"href":"https:\/\/www.egemtv.com\/index.php?rest_route=\/wp\/v2\/types\/post"}],"author":[{"embeddable":true,"href":"https:\/\/www.egemtv.com\/index.php?rest_route=\/wp\/v2\/users\/1"}],"replies":[{"embeddable":true,"href":"https:\/\/www.egemtv.com\/index.php?rest_route=%2Fwp%2Fv2%2Fcomments&post=37025"}],"version-history":[{"count":1,"href":"https:\/\/www.egemtv.com\/index.php?rest_route=\/wp\/v2\/posts\/37025\/revisions"}],"predecessor-version":[{"id":37027,"href":"https:\/\/www.egemtv.com\/index.php?rest_route=\/wp\/v2\/posts\/37025\/revisions\/37027"}],"wp:featuredmedia":[{"embeddable":true,"href":"https:\/\/www.egemtv.com\/index.php?rest_route=\/wp\/v2\/media\/37026"}],"wp:attachment":[{"href":"https:\/\/www.egemtv.com\/index.php?rest_route=%2Fwp%2Fv2%2Fmedia&parent=37025"}],"wp:term":[{"taxonomy":"category","embeddable":true,"href":"https:\/\/www.egemtv.com\/index.php?rest_route=%2Fwp%2Fv2%2Fcategories&post=37025"},{"taxonomy":"post_tag","embeddable":true,"href":"https:\/\/www.egemtv.com\/index.php?rest_route=%2Fwp%2Fv2%2Ftags&post=37025"}],"curies":[{"name":"wp","href":"https:\/\/api.w.org\/{rel}","templated":true}]}}