{"id":37022,"date":"2025-06-22T18:36:03","date_gmt":"2025-06-22T15:36:03","guid":{"rendered":"https:\/\/www.egemtv.com\/?p=37022"},"modified":"2025-06-22T18:36:07","modified_gmt":"2025-06-22T15:36:07","slug":"simav-muftulugunce-yksye-giren-ogrenciler-icin-emanet-ve-su-ikrami-cadiri-kuruldu","status":"publish","type":"post","link":"https:\/\/www.egemtv.com\/?p=37022","title":{"rendered":"Simav M\u00fcft\u00fcl\u00fc\u011f\u00fcnce YKS\u2019ye giren \u00f6\u011frenciler i\u00e7in emanet ve su ikram\u0131 \u00e7ad\u0131r\u0131 kuruldu"},"content":{"rendered":"<p>Simav \u0130l\u00e7e M\u00fcft\u00fcl\u00fc\u011f\u00fc ve T\u00fcrkiye Diyanet Vakf\u0131 organizesinde Cumartesi ve Pazar g\u00fcnleri Y\u00fcksek\u00f6\u011fretim Kurumlar\u0131 S\u0131nav\u0131na (YKS) giren \u00f6\u011frencilerin emanetlerini \u00fccretsiz ve g\u00fcvenle b\u0131rakabilmeleri amac\u0131yla 4 okulda emanet ve su ikram\u0131 \u00e7ad\u0131r\u0131 kuruldu\u011fu bildirildi.<br \/>\n<br \/>M\u00fcft\u00fc Vekili Hakk\u0131 Bal\u0131 ve Din Hizmetleri Uzman\u0131 Necati Kele\u015f\u2019in koordinesinde Din G\u00f6revlileri Ali Elitok ve Sezer Can \u00e7ad\u0131r ve su da\u011f\u0131t\u0131m\u0131, \u00e7ad\u0131r kurulumu, Manevi Dan\u0131\u015fmanlar Mustafa Esen, Kadriye \u00c7akmak, Din G\u00f6revlisi Ahmet Hamza G\u00fcng\u00f6r \u00dcniversite Kamp\u00fcs\u00fc\u2019nde, Manevi Dan\u0131\u015fman Osman Aslan, Din G\u00f6revlileri Ufuk Demirkan ve Mehmet K\u0131l\u0131ko\u011flu Simav Fen Lisesi\u2019nde, Din G\u00f6revlileri Mehmet \u00c7\u00f6tel ve \u0130smail Ayata Simav \u0130mam Hatip Lisesi\u2019nde, Manevi Dan\u0131\u015fmanlar Yasin \u0130pek, Cuma Ali Tosun ve Emin D\u00f6nmez Nurullah Koyuncuo\u011flu Anadolu Lisesinde, emanet ve su ikram\u0131 \u00e7ad\u0131r\u0131nda s\u0131nava girecek \u00f6\u011frencilerin s\u0131nav salonuna alamad\u0131klar\u0131 emanetlerine sahip \u00e7\u0131kma, \u00f6\u011frenciler ve ailelerine su ikram etme, Diyanet Dergilerini \u00fccretsiz da\u011f\u0131tma g\u00f6revini yerine getirdiler.<br \/>\n<br \/>Yap\u0131lan bu hizmetten memnuniyetlerini dile getiren \u00f6\u011frenciler, s\u0131nav g\u00f6revlileri ve \u00d6SYM sorumlular\u0131, m\u00fcft\u00fcl\u00fck personellerine ve kuruma te\u015fekk\u00fcr ettiler.<br \/><\/p>\n","protected":false},"excerpt":{"rendered":"<p>Simav \u0130l\u00e7e M\u00fcft\u00fcl\u00fc\u011f\u00fc ve T\u00fcrkiye Diyanet Vakf\u0131 organizesinde Cumartesi ve Pazar g\u00fcnleri Y\u00fcksek\u00f6\u011fretim Kurumlar\u0131 S\u0131nav\u0131na (YKS) giren \u00f6\u011frencilerin emanetlerini \u00fccretsiz ve g\u00fcvenle b\u0131rakabilmeleri amac\u0131yla 4 okulda emanet ve su ikram\u0131 \u00e7ad\u0131r\u0131 kuruldu\u011fu bildirildi. M\u00fcft\u00fc Vekili Hakk\u0131 Bal\u0131 ve Din Hizmetleri Uzman\u0131 Necati Kele\u015f\u2019in koordinesinde Din G\u00f6revlileri Ali Elitok ve Sezer Can \u00e7ad\u0131r ve su da\u011f\u0131t\u0131m\u0131,&#8230;<\/p>\n","protected":false},"author":1,"featured_media":37023,"comment_status":"open","ping_status":"open","sticky":false,"template":"","format":"standard","meta":{"_crdt_document":"","footnotes":""},"categories":[123],"tags":[],"class_list":["post-37022","post","type-post","status-publish","format-standard","has-post-thumbnail","hentry","category-gundem"],"_links":{"self":[{"href":"https:\/\/www.egemtv.com\/index.php?rest_route=\/wp\/v2\/posts\/37022","targetHints":{"allow":["GET"]}}],"collection":[{"href":"https:\/\/www.egemtv.com\/index.php?rest_route=\/wp\/v2\/posts"}],"about":[{"href":"https:\/\/www.egemtv.com\/index.php?rest_route=\/wp\/v2\/types\/post"}],"author":[{"embeddable":true,"href":"https:\/\/www.egemtv.com\/index.php?rest_route=\/wp\/v2\/users\/1"}],"replies":[{"embeddable":true,"href":"https:\/\/www.egemtv.com\/index.php?rest_route=%2Fwp%2Fv2%2Fcomments&post=37022"}],"version-history":[{"count":1,"href":"https:\/\/www.egemtv.com\/index.php?rest_route=\/wp\/v2\/posts\/37022\/revisions"}],"predecessor-version":[{"id":37024,"href":"https:\/\/www.egemtv.com\/index.php?rest_route=\/wp\/v2\/posts\/37022\/revisions\/37024"}],"wp:featuredmedia":[{"embeddable":true,"href":"https:\/\/www.egemtv.com\/index.php?rest_route=\/wp\/v2\/media\/37023"}],"wp:attachment":[{"href":"https:\/\/www.egemtv.com\/index.php?rest_route=%2Fwp%2Fv2%2Fmedia&parent=37022"}],"wp:term":[{"taxonomy":"category","embeddable":true,"href":"https:\/\/www.egemtv.com\/index.php?rest_route=%2Fwp%2Fv2%2Fcategories&post=37022"},{"taxonomy":"post_tag","embeddable":true,"href":"https:\/\/www.egemtv.com\/index.php?rest_route=%2Fwp%2Fv2%2Ftags&post=37022"}],"curies":[{"name":"wp","href":"https:\/\/api.w.org\/{rel}","templated":true}]}}