{"id":37019,"date":"2025-06-22T18:35:58","date_gmt":"2025-06-22T15:35:58","guid":{"rendered":"https:\/\/www.egemtv.com\/?p=37019"},"modified":"2025-06-22T18:36:02","modified_gmt":"2025-06-22T15:36:02","slug":"sokede-zirai-alan-yangini","status":"publish","type":"post","link":"https:\/\/www.egemtv.com\/?p=37019","title":{"rendered":"S\u00f6ke\u2019de zirai alan yang\u0131n\u0131"},"content":{"rendered":"<p>Ayd\u0131n\u2019\u0131n S\u00f6ke il\u00e7esinde yerle\u015fim yerlerine yak\u0131n b\u00f6lgedeki zeytinlik alanda yang\u0131n \u00e7\u0131kt\u0131. Ekiplerin yang\u0131na m\u00fcdahalesi s\u00fcr\u00fcyor.<br \/>\n<br \/>Yang\u0131n, Ba\u011faras\u0131 Mahallesi\u2019nin \u00fcst k\u0131s\u0131mlar\u0131nda bulunan zirai alanda saat 17.00 s\u0131ralar\u0131nda \u00e7\u0131kt\u0131. Edinilen bilgiye g\u00f6re, b\u00f6lgedeki zeytinlik alandan alevlerin y\u00fckseldi\u011fini fark eden vatanda\u015flar durumu 112 Acil \u00c7a\u011fr\u0131 Merkezi\u2019ne bildirdi. \u0130hbar \u00fczerine b\u00f6lgeye itfaiye ve orman ekipleri sevk edildi. K\u0131sa s\u00fcrede olay yerine gelen Ayd\u0131n B\u00fcy\u00fck\u015fehir Belediyesi \u0130tfaiye Daire Ba\u015fkanl\u0131\u011f\u0131 ve Mu\u011fla Orman B\u00f6lge M\u00fcd\u00fcrl\u00fc\u011f\u00fc ekipleri alevlere m\u00fcdahale ederken, Orman B\u00f6lge M\u00fcd\u00fcrl\u00fc\u011f\u00fc\u2019ne ba\u011fl\u0131 hava ara\u00e7lar\u0131 da ekiplere havadan destek verdi.<br \/>\n<br \/>Ekiplerin yang\u0131n\u0131 kontrol alt\u0131na almak i\u00e7in \u00e7al\u0131\u015fmalar\u0131 s\u00fcr\u00fcyor.<br \/><\/p>\n","protected":false},"excerpt":{"rendered":"<p>Ayd\u0131n\u2019\u0131n S\u00f6ke il\u00e7esinde yerle\u015fim yerlerine yak\u0131n b\u00f6lgedeki zeytinlik alanda yang\u0131n \u00e7\u0131kt\u0131. Ekiplerin yang\u0131na m\u00fcdahalesi s\u00fcr\u00fcyor. Yang\u0131n, Ba\u011faras\u0131 Mahallesi\u2019nin \u00fcst k\u0131s\u0131mlar\u0131nda bulunan zirai alanda saat 17.00 s\u0131ralar\u0131nda \u00e7\u0131kt\u0131. Edinilen bilgiye g\u00f6re, b\u00f6lgedeki zeytinlik alandan alevlerin y\u00fckseldi\u011fini fark eden vatanda\u015flar durumu 112 Acil \u00c7a\u011fr\u0131 Merkezi\u2019ne bildirdi. \u0130hbar \u00fczerine b\u00f6lgeye itfaiye ve orman ekipleri sevk edildi. K\u0131sa s\u00fcrede&#8230;<\/p>\n","protected":false},"author":1,"featured_media":37020,"comment_status":"open","ping_status":"open","sticky":false,"template":"","format":"standard","meta":{"_crdt_document":"","footnotes":""},"categories":[5],"tags":[],"class_list":["post-37019","post","type-post","status-publish","format-standard","has-post-thumbnail","hentry","category-asayis"],"_links":{"self":[{"href":"https:\/\/www.egemtv.com\/index.php?rest_route=\/wp\/v2\/posts\/37019","targetHints":{"allow":["GET"]}}],"collection":[{"href":"https:\/\/www.egemtv.com\/index.php?rest_route=\/wp\/v2\/posts"}],"about":[{"href":"https:\/\/www.egemtv.com\/index.php?rest_route=\/wp\/v2\/types\/post"}],"author":[{"embeddable":true,"href":"https:\/\/www.egemtv.com\/index.php?rest_route=\/wp\/v2\/users\/1"}],"replies":[{"embeddable":true,"href":"https:\/\/www.egemtv.com\/index.php?rest_route=%2Fwp%2Fv2%2Fcomments&post=37019"}],"version-history":[{"count":1,"href":"https:\/\/www.egemtv.com\/index.php?rest_route=\/wp\/v2\/posts\/37019\/revisions"}],"predecessor-version":[{"id":37021,"href":"https:\/\/www.egemtv.com\/index.php?rest_route=\/wp\/v2\/posts\/37019\/revisions\/37021"}],"wp:featuredmedia":[{"embeddable":true,"href":"https:\/\/www.egemtv.com\/index.php?rest_route=\/wp\/v2\/media\/37020"}],"wp:attachment":[{"href":"https:\/\/www.egemtv.com\/index.php?rest_route=%2Fwp%2Fv2%2Fmedia&parent=37019"}],"wp:term":[{"taxonomy":"category","embeddable":true,"href":"https:\/\/www.egemtv.com\/index.php?rest_route=%2Fwp%2Fv2%2Fcategories&post=37019"},{"taxonomy":"post_tag","embeddable":true,"href":"https:\/\/www.egemtv.com\/index.php?rest_route=%2Fwp%2Fv2%2Ftags&post=37019"}],"curies":[{"name":"wp","href":"https:\/\/api.w.org\/{rel}","templated":true}]}}