{"id":36983,"date":"2025-06-22T14:55:26","date_gmt":"2025-06-22T11:55:26","guid":{"rendered":"https:\/\/www.egemtv.com\/?p=36983"},"modified":"2025-06-22T14:55:30","modified_gmt":"2025-06-22T11:55:30","slug":"yksye-2-gun-boyunca-ambulansla-goturuldu","status":"publish","type":"post","link":"https:\/\/www.egemtv.com\/?p=36983","title":{"rendered":"YKS\u2019ye 2 g\u00fcn boyunca ambulansla g\u00f6t\u00fcr\u00fcld\u00fc"},"content":{"rendered":"<p>Afyonkarahisar\u2019da solunum s\u0131k\u0131nt\u0131s\u0131 \u00e7ekti\u011fi i\u00e7in t\u0131bbi destek almak zorunda olan gen\u00e7 k\u0131z, \u00fcniversite s\u0131nav\u0131 YKS\u2019ye ambulansla getirilip g\u00f6t\u00fcr\u00fcld\u00fc.<br \/>\n<br \/>Afyonkarahisar \u0130l Sa\u011fl\u0131k M\u00fcd\u00fcrl\u00fc\u011f\u00fcnden yap\u0131lan a\u00e7\u0131klamada, \u00fcniversite aday\u0131 gen\u00e7ten gelen \u00f6zel bir s\u0131nav talebinin ivedilikle de\u011ferlendirildigi ve gerekli sa\u011fl\u0131k deste\u011finin en h\u0131zl\u0131 \u015fekilde organize edildigi belirtildi. Afyonkarahisar \u0130l Sa\u011fl\u0131k M\u00fcd\u00fcr\u00fc Dr. Hakk\u0131 \u00d6zt\u00fcrk, &#8220;Afyonkarahisar Sa\u011fl\u0131k Bilimleri \u00dcniversitesi Hastanesinde yatarak tedavi g\u00f6ren, solunum s\u0131k\u0131nt\u0131s\u0131 ya\u015fayan bir \u00f6\u011frencimizin Y\u00fcksek\u00f6\u011fretim Kurumlar\u0131 S\u0131nav\u0131\u2019na (YKS) kat\u0131labilmesi i\u00e7in gerekli sa\u011fl\u0131k ko\u015fullar\u0131n\u0131n sa\u011flanmas\u0131 talebi m\u00fcd\u00fcrl\u00fc\u011f\u00fcm\u00fcze iletildikten sonra, m\u00fcd\u00fcrl\u00fc\u011f\u00fcm\u00fcz yetkilileri taraf\u0131ndan, Y\u00fcksek\u00f6\u011fretim Kurulu (Y\u00d6K) ile gerekli g\u00f6r\u00fc\u015fmeler yap\u0131larak, \u00f6\u011frencinin s\u0131nava kat\u0131l\u0131m\u0131 i\u00e7in gerekli izinleri almak \u00fczere, olduk\u00e7a yo\u011fun \u00e7aba sarf edildi ve sonuncunda Y\u00d6K\u2019ten izinler al\u0131nabildi. \u0130ki g\u00fcnl\u00fck s\u0131nav s\u00fcresince, \u0130l Sa\u011fl\u0131k M\u00fcd\u00fcrl\u00fc\u011f\u00fcm\u00fcz\u00fcn koordinasyonunda, 112 Acil Sa\u011fl\u0131k ekiplerimiz t\u0131bbi destek e\u015fli\u011finde \u00f6\u011frencinin s\u0131nav merkezine g\u00fcvenli bir \u015fekilde naklini ger\u00e7ekle\u015ftirdi. Sa\u011fl\u0131k ekiplerimiz, s\u0131navlar s\u00fcresince \u00f6\u011frencimize gerekli oksijen deste\u011fini sa\u011flay\u0131p, s\u0131nav sonras\u0131 da tedavisinin devam\u0131 i\u00e7in hastaneye naklini yapt\u0131&#8221; dedi.<br \/><\/p>\n","protected":false},"excerpt":{"rendered":"<p>Afyonkarahisar\u2019da solunum s\u0131k\u0131nt\u0131s\u0131 \u00e7ekti\u011fi i\u00e7in t\u0131bbi destek almak zorunda olan gen\u00e7 k\u0131z, \u00fcniversite s\u0131nav\u0131 YKS\u2019ye ambulansla getirilip g\u00f6t\u00fcr\u00fcld\u00fc. Afyonkarahisar \u0130l Sa\u011fl\u0131k M\u00fcd\u00fcrl\u00fc\u011f\u00fcnden yap\u0131lan a\u00e7\u0131klamada, \u00fcniversite aday\u0131 gen\u00e7ten gelen \u00f6zel bir s\u0131nav talebinin ivedilikle de\u011ferlendirildigi ve gerekli sa\u011fl\u0131k deste\u011finin en h\u0131zl\u0131 \u015fekilde organize edildigi belirtildi. Afyonkarahisar \u0130l Sa\u011fl\u0131k M\u00fcd\u00fcr\u00fc Dr. Hakk\u0131 \u00d6zt\u00fcrk, &#8220;Afyonkarahisar Sa\u011fl\u0131k Bilimleri \u00dcniversitesi&#8230;<\/p>\n","protected":false},"author":1,"featured_media":36984,"comment_status":"open","ping_status":"open","sticky":false,"template":"","format":"standard","meta":{"_crdt_document":"","footnotes":""},"categories":[1],"tags":[],"class_list":["post-36983","post","type-post","status-publish","format-standard","has-post-thumbnail","hentry","category-guncel"],"_links":{"self":[{"href":"https:\/\/www.egemtv.com\/index.php?rest_route=\/wp\/v2\/posts\/36983","targetHints":{"allow":["GET"]}}],"collection":[{"href":"https:\/\/www.egemtv.com\/index.php?rest_route=\/wp\/v2\/posts"}],"about":[{"href":"https:\/\/www.egemtv.com\/index.php?rest_route=\/wp\/v2\/types\/post"}],"author":[{"embeddable":true,"href":"https:\/\/www.egemtv.com\/index.php?rest_route=\/wp\/v2\/users\/1"}],"replies":[{"embeddable":true,"href":"https:\/\/www.egemtv.com\/index.php?rest_route=%2Fwp%2Fv2%2Fcomments&post=36983"}],"version-history":[{"count":1,"href":"https:\/\/www.egemtv.com\/index.php?rest_route=\/wp\/v2\/posts\/36983\/revisions"}],"predecessor-version":[{"id":36985,"href":"https:\/\/www.egemtv.com\/index.php?rest_route=\/wp\/v2\/posts\/36983\/revisions\/36985"}],"wp:featuredmedia":[{"embeddable":true,"href":"https:\/\/www.egemtv.com\/index.php?rest_route=\/wp\/v2\/media\/36984"}],"wp:attachment":[{"href":"https:\/\/www.egemtv.com\/index.php?rest_route=%2Fwp%2Fv2%2Fmedia&parent=36983"}],"wp:term":[{"taxonomy":"category","embeddable":true,"href":"https:\/\/www.egemtv.com\/index.php?rest_route=%2Fwp%2Fv2%2Fcategories&post=36983"},{"taxonomy":"post_tag","embeddable":true,"href":"https:\/\/www.egemtv.com\/index.php?rest_route=%2Fwp%2Fv2%2Ftags&post=36983"}],"curies":[{"name":"wp","href":"https:\/\/api.w.org\/{rel}","templated":true}]}}