{"id":36980,"date":"2025-06-22T14:55:21","date_gmt":"2025-06-22T11:55:21","guid":{"rendered":"https:\/\/www.egemtv.com\/?p=36980"},"modified":"2025-06-22T14:55:26","modified_gmt":"2025-06-22T11:55:26","slug":"muradiye-osbden-yunusemre-kaymakami-atilla-kantaya-veda-yemegi","status":"publish","type":"post","link":"https:\/\/www.egemtv.com\/?p=36980","title":{"rendered":"Muradiye OSB\u2019den Yunusemre Kaymakam\u0131 Atilla Kantay\u2019a veda yeme\u011fi"},"content":{"rendered":"<p>Manisa\u2019daki g\u00f6rev s\u00fcresi sona eren Yunusemre Kaymakam\u0131 Atilla Kantay, Muradiye Organize Sanayi B\u00f6lgesi taraf\u0131ndan kendisine d\u00fczenlenen veda yeme\u011fine kat\u0131ld\u0131.<br \/>\n<br \/>Muradiye Organize Sanayi B\u00f6lgesi Y\u00f6netim Kurulu Ba\u015fkan\u0131 Osman K\u0131v\u0131rc\u0131k, Manisa\u2019daki g\u00f6rev s\u00fcresi dolan Yunusemre Kaymakam\u0131 Atilla Kantay onuruna \u00f6zel bir veda yeme\u011fi d\u00fczenledi. Organizasyona ev sahipli\u011fi yapan Muradiye OSB Y\u00f6netim Kurulu Ba\u015fkan\u0131 Osman K\u0131v\u0131rc\u0131k, kaymakam\u0131n Manisa\u2019daki ba\u015far\u0131l\u0131 \u00e7al\u0131\u015fmalar\u0131 ve Muradiye OSB\u2019ye katk\u0131lar\u0131 nedeniyle te\u015fekk\u00fcr etti.<br \/>\n<br \/>Organizasyona kat\u0131lanlar, yeme\u011fin ard\u0131ndan duygu dolu bir ortamda bir araya gelirken, Kantay\u2019a b\u00f6lgeye katk\u0131lar\u0131ndan \u00f6t\u00fcr\u00fc Muradiye OSB Y\u00f6netim Kurulu Ba\u015fkan\u0131 Osman K\u0131v\u0131rc\u0131k taraf\u0131ndan plaket takdimi ger\u00e7ekle\u015fti. Ba\u015fkan Osman K\u0131v\u0131rc\u0131k, &#8220;Kaymakam\u0131m\u0131z\u0131n enerji ve adanm\u0131\u015fl\u0131\u011f\u0131, Muradiye ve Yunusemre i\u00e7in b\u00fcy\u00fck kazan\u00e7 oldu. Kendisine yeni g\u00f6rev yerinde ba\u015far\u0131lar diliyoruz&#8221; ifadelerini kulland\u0131.<br \/>\n<br \/>Atilla Kantay da &#8220;Bu \u015fehirde \u00e7al\u0131\u015fmak benim i\u00e7in b\u00fcy\u00fck onurdu. OSB\u2019nin dinamik y\u00f6netimiyle i\u015f birli\u011fi yapmak keyifliydi. Her zaman deste\u011fe haz\u0131r\u0131m&#8221; diyerek te\u015fekk\u00fcr etti.<br \/>\n<br \/>Organizasyona OSB y\u00f6netimi, sanayiciler ve kurum m\u00fcd\u00fcrleri kat\u0131ld\u0131.<br \/><\/p>\n","protected":false},"excerpt":{"rendered":"<p>Manisa\u2019daki g\u00f6rev s\u00fcresi sona eren Yunusemre Kaymakam\u0131 Atilla Kantay, Muradiye Organize Sanayi B\u00f6lgesi taraf\u0131ndan kendisine d\u00fczenlenen veda yeme\u011fine kat\u0131ld\u0131. Muradiye Organize Sanayi B\u00f6lgesi Y\u00f6netim Kurulu Ba\u015fkan\u0131 Osman K\u0131v\u0131rc\u0131k, Manisa\u2019daki g\u00f6rev s\u00fcresi dolan Yunusemre Kaymakam\u0131 Atilla Kantay onuruna \u00f6zel bir veda yeme\u011fi d\u00fczenledi. Organizasyona ev sahipli\u011fi yapan Muradiye OSB Y\u00f6netim Kurulu Ba\u015fkan\u0131 Osman K\u0131v\u0131rc\u0131k, kaymakam\u0131n Manisa\u2019daki&#8230;<\/p>\n","protected":false},"author":1,"featured_media":36981,"comment_status":"open","ping_status":"open","sticky":false,"template":"","format":"standard","meta":{"_crdt_document":"","footnotes":""},"categories":[1],"tags":[],"class_list":["post-36980","post","type-post","status-publish","format-standard","has-post-thumbnail","hentry","category-guncel"],"_links":{"self":[{"href":"https:\/\/www.egemtv.com\/index.php?rest_route=\/wp\/v2\/posts\/36980","targetHints":{"allow":["GET"]}}],"collection":[{"href":"https:\/\/www.egemtv.com\/index.php?rest_route=\/wp\/v2\/posts"}],"about":[{"href":"https:\/\/www.egemtv.com\/index.php?rest_route=\/wp\/v2\/types\/post"}],"author":[{"embeddable":true,"href":"https:\/\/www.egemtv.com\/index.php?rest_route=\/wp\/v2\/users\/1"}],"replies":[{"embeddable":true,"href":"https:\/\/www.egemtv.com\/index.php?rest_route=%2Fwp%2Fv2%2Fcomments&post=36980"}],"version-history":[{"count":1,"href":"https:\/\/www.egemtv.com\/index.php?rest_route=\/wp\/v2\/posts\/36980\/revisions"}],"predecessor-version":[{"id":36982,"href":"https:\/\/www.egemtv.com\/index.php?rest_route=\/wp\/v2\/posts\/36980\/revisions\/36982"}],"wp:featuredmedia":[{"embeddable":true,"href":"https:\/\/www.egemtv.com\/index.php?rest_route=\/wp\/v2\/media\/36981"}],"wp:attachment":[{"href":"https:\/\/www.egemtv.com\/index.php?rest_route=%2Fwp%2Fv2%2Fmedia&parent=36980"}],"wp:term":[{"taxonomy":"category","embeddable":true,"href":"https:\/\/www.egemtv.com\/index.php?rest_route=%2Fwp%2Fv2%2Fcategories&post=36980"},{"taxonomy":"post_tag","embeddable":true,"href":"https:\/\/www.egemtv.com\/index.php?rest_route=%2Fwp%2Fv2%2Ftags&post=36980"}],"curies":[{"name":"wp","href":"https:\/\/api.w.org\/{rel}","templated":true}]}}