{"id":36977,"date":"2025-06-22T14:55:16","date_gmt":"2025-06-22T11:55:16","guid":{"rendered":"https:\/\/www.egemtv.com\/?p=36977"},"modified":"2025-06-22T14:55:21","modified_gmt":"2025-06-22T11:55:21","slug":"cop-aracindan-dusen-belediye-iscisi-hayatini-kaybetti","status":"publish","type":"post","link":"https:\/\/www.egemtv.com\/?p=36977","title":{"rendered":"\u00c7\u00f6p arac\u0131ndan d\u00fc\u015fen belediye i\u015f\u00e7isi hayat\u0131n\u0131 kaybetti"},"content":{"rendered":"<p>Ayd\u0131n\u2019\u0131n \u00c7ine il\u00e7esinde, \u00e7\u00f6p toplama arac\u0131ndan d\u00fc\u015ferek a\u011f\u0131r yaralanan belediye i\u015f\u00e7isi, tedavi g\u00f6rd\u00fc\u011f\u00fc hastanede hayat\u0131n\u0131 kaybetti.<br \/>\n<br \/>Kaza, 11 Haziran \u00c7ar\u015famba g\u00fcn\u00fc Kahraman Mahallesi 289 Sokak\u2019ta meydana geldi. Edinilen bilgilere g\u00f6re, \u00c7ine Belediyesi\u2019ne ait M.Y. idaresindeki \u00e7\u00f6p toplama arac\u0131 h\u0131zla ilerledi\u011fi s\u0131rada, arac\u0131n arkas\u0131nda temizlik i\u015f\u00e7isi olarak \u00e7al\u0131\u015fan Hasan Dok (46) dengesini kaybederek ara\u00e7tan d\u00fc\u015ft\u00fc. O anlar \u00e7evredeki g\u00fcvenlik kameralar\u0131 taraf\u0131ndan kaydedildi.<br \/>\n<br \/>\u0130hbar \u00fczerine olay yerine sa\u011fl\u0131k ve jandarma ekipleri sevk edildi. Yaral\u0131 temizlik i\u015f\u00e7isi, sa\u011fl\u0131k ekiplerinin olay yerindeki ilk m\u00fcdahalesinin ard\u0131ndan \u00f6nce \u00c7ine Devlet Hastanesi\u2019ne, ard\u0131ndan Ayd\u0131n Devlet Hastanesi\u2019ne sevk edildi. Yo\u011fun bak\u0131ma al\u0131nan Hasan Dok hastanede g\u00fcnlerdir s\u00fcren ya\u015fam m\u00fccadelesini kaybetti. Doktorlar\u0131n t\u00fcm \u00e7abalar\u0131na ra\u011fmen kurtar\u0131lamayan Dok\u2019un \u00f6l\u00fcm haberi, ailesi ve t\u00fcm sevenlerini yasa bo\u011fdu.<br \/><\/p>\n","protected":false},"excerpt":{"rendered":"<p>Ayd\u0131n\u2019\u0131n \u00c7ine il\u00e7esinde, \u00e7\u00f6p toplama arac\u0131ndan d\u00fc\u015ferek a\u011f\u0131r yaralanan belediye i\u015f\u00e7isi, tedavi g\u00f6rd\u00fc\u011f\u00fc hastanede hayat\u0131n\u0131 kaybetti. Kaza, 11 Haziran \u00c7ar\u015famba g\u00fcn\u00fc Kahraman Mahallesi 289 Sokak\u2019ta meydana geldi. Edinilen bilgilere g\u00f6re, \u00c7ine Belediyesi\u2019ne ait M.Y. idaresindeki \u00e7\u00f6p toplama arac\u0131 h\u0131zla ilerledi\u011fi s\u0131rada, arac\u0131n arkas\u0131nda temizlik i\u015f\u00e7isi olarak \u00e7al\u0131\u015fan Hasan Dok (46) dengesini kaybederek ara\u00e7tan d\u00fc\u015ft\u00fc. O&#8230;<\/p>\n","protected":false},"author":1,"featured_media":36978,"comment_status":"open","ping_status":"open","sticky":false,"template":"","format":"standard","meta":{"_crdt_document":"","footnotes":""},"categories":[5],"tags":[],"class_list":["post-36977","post","type-post","status-publish","format-standard","has-post-thumbnail","hentry","category-asayis"],"_links":{"self":[{"href":"https:\/\/www.egemtv.com\/index.php?rest_route=\/wp\/v2\/posts\/36977","targetHints":{"allow":["GET"]}}],"collection":[{"href":"https:\/\/www.egemtv.com\/index.php?rest_route=\/wp\/v2\/posts"}],"about":[{"href":"https:\/\/www.egemtv.com\/index.php?rest_route=\/wp\/v2\/types\/post"}],"author":[{"embeddable":true,"href":"https:\/\/www.egemtv.com\/index.php?rest_route=\/wp\/v2\/users\/1"}],"replies":[{"embeddable":true,"href":"https:\/\/www.egemtv.com\/index.php?rest_route=%2Fwp%2Fv2%2Fcomments&post=36977"}],"version-history":[{"count":1,"href":"https:\/\/www.egemtv.com\/index.php?rest_route=\/wp\/v2\/posts\/36977\/revisions"}],"predecessor-version":[{"id":36979,"href":"https:\/\/www.egemtv.com\/index.php?rest_route=\/wp\/v2\/posts\/36977\/revisions\/36979"}],"wp:featuredmedia":[{"embeddable":true,"href":"https:\/\/www.egemtv.com\/index.php?rest_route=\/wp\/v2\/media\/36978"}],"wp:attachment":[{"href":"https:\/\/www.egemtv.com\/index.php?rest_route=%2Fwp%2Fv2%2Fmedia&parent=36977"}],"wp:term":[{"taxonomy":"category","embeddable":true,"href":"https:\/\/www.egemtv.com\/index.php?rest_route=%2Fwp%2Fv2%2Fcategories&post=36977"},{"taxonomy":"post_tag","embeddable":true,"href":"https:\/\/www.egemtv.com\/index.php?rest_route=%2Fwp%2Fv2%2Ftags&post=36977"}],"curies":[{"name":"wp","href":"https:\/\/api.w.org\/{rel}","templated":true}]}}