{"id":36974,"date":"2025-06-22T14:37:29","date_gmt":"2025-06-22T11:37:29","guid":{"rendered":"https:\/\/www.egemtv.com\/?p=36974"},"modified":"2025-06-22T14:37:33","modified_gmt":"2025-06-22T11:37:33","slug":"kural-tanimaz-surucu-bu-sefer-uyusturucu-madde-etkisi-ile-arac-kullanirken-yakalandi","status":"publish","type":"post","link":"https:\/\/www.egemtv.com\/?p=36974","title":{"rendered":"Kural tan\u0131maz s\u00fcr\u00fcc\u00fc bu sefer uyu\u015fturucu madde etkisi ile ara\u00e7 kullan\u0131rken yakaland\u0131"},"content":{"rendered":"<p>Ayd\u0131n\u2019\u0131n K\u00f6\u015fk il\u00e7esinde jandarma ekipleri taraf\u0131ndan \u015f\u00fcphe \u00fczerine durdurulan ve sa\u011fl\u0131k kurumunda yap\u0131lan testinde uyu\u015fturucu madde kulland\u0131\u011f\u0131 tespit edilen ara\u00e7 s\u00fcr\u00fcc\u00fcs\u00fcn\u00fcn ehliyetine 5 y\u0131l, 1y\u0131l i\u00e7erisinde 100 ceza puan\u0131 doldurdu\u011fundan dolay\u0131 da 2 ay olmak \u00fczere olmak \u00fczere toplamda 5 y\u0131l 2 ay el konuldu.<\/p>\n<p>Edinilen bilgiye g\u00f6re, Ayd\u0131n \u0130l Jandarma Komutanl\u0131\u011f\u0131 ekiplerince K\u00f6\u015fk \u0130l\u00e7esi Yavuzk\u00f6y Mahallesi Ayd\u0131n-Denizli Karayolu \u00fczerinde gece saat 02.50 s\u0131ralar\u0131nda \u015f\u00fcpheli hareketlerde bulunan bir ara\u00e7 durduruldu. S\u00fcr\u00fcc\u00fcn\u00fcn hal ve hareketlerinden \u015f\u00fcphelenen Trafik Jandarma ekipleri, arac\u0131 kontrol etti. Ara\u00e7 s\u00fcr\u00fcc\u00fcs\u00fcn\u00fcn S.\u015e.\u2019nin (24) sa\u011fl\u0131k kurumunda yap\u0131lan testinde uyu\u015fturucu madde etkisi alt\u0131nda ara\u00e7 kulland\u0131\u011f\u0131 belirlendi. S\u00fcr\u00fcc\u00fcn\u00fcn ehliyetine 5 y\u0131l s\u00fcreyle el konulurken, ayr\u0131ca bir y\u0131l i\u00e7erisinde 100 ceza puan\u0131n\u0131 doldurdu\u011fu gerek\u00e7esiyle ehliyetine ek olarak 2 ay daha el konuldu. Toplamda s\u00fcr\u00fcc\u00fc belgesine 5 y\u0131l 2 ay s\u00fcreyle s\u00fcr\u00fcc\u00fc belgesi geri al\u0131nan S.\u015e.\u2019ye  2918 Say\u0131l\u0131 Karayollar\u0131 Trafik Kanunu kapsam\u0131nda toplam 86 bin 196 TL idari para cezas\u0131 da kesildi. Ayr\u0131ca hakk\u0131nda \u2019trafik g\u00fcvenli\u011fini tehlikeye sokmak\u2019 ve \u2019uyu\u015fturucu veya uyar\u0131c\u0131 madde etkisi alt\u0131nda ara\u00e7 kullanmak\u2019 su\u00e7lar\u0131ndan adli i\u015flem ba\u015flat\u0131ld\u0131.<\/p>\n","protected":false},"excerpt":{"rendered":"<p>Ayd\u0131n\u2019\u0131n K\u00f6\u015fk il\u00e7esinde jandarma ekipleri taraf\u0131ndan \u015f\u00fcphe \u00fczerine durdurulan ve sa\u011fl\u0131k kurumunda yap\u0131lan testinde uyu\u015fturucu madde kulland\u0131\u011f\u0131 tespit edilen ara\u00e7 s\u00fcr\u00fcc\u00fcs\u00fcn\u00fcn ehliyetine 5 y\u0131l, 1y\u0131l i\u00e7erisinde 100 ceza puan\u0131 doldurdu\u011fundan dolay\u0131 da 2 ay olmak \u00fczere olmak \u00fczere toplamda 5 y\u0131l 2 ay el konuldu. Edinilen bilgiye g\u00f6re, Ayd\u0131n \u0130l Jandarma Komutanl\u0131\u011f\u0131 ekiplerince K\u00f6\u015fk \u0130l\u00e7esi&#8230;<\/p>\n","protected":false},"author":1,"featured_media":36975,"comment_status":"open","ping_status":"open","sticky":false,"template":"","format":"standard","meta":{"_crdt_document":"","footnotes":""},"categories":[5],"tags":[],"class_list":["post-36974","post","type-post","status-publish","format-standard","has-post-thumbnail","hentry","category-asayis"],"_links":{"self":[{"href":"https:\/\/www.egemtv.com\/index.php?rest_route=\/wp\/v2\/posts\/36974","targetHints":{"allow":["GET"]}}],"collection":[{"href":"https:\/\/www.egemtv.com\/index.php?rest_route=\/wp\/v2\/posts"}],"about":[{"href":"https:\/\/www.egemtv.com\/index.php?rest_route=\/wp\/v2\/types\/post"}],"author":[{"embeddable":true,"href":"https:\/\/www.egemtv.com\/index.php?rest_route=\/wp\/v2\/users\/1"}],"replies":[{"embeddable":true,"href":"https:\/\/www.egemtv.com\/index.php?rest_route=%2Fwp%2Fv2%2Fcomments&post=36974"}],"version-history":[{"count":1,"href":"https:\/\/www.egemtv.com\/index.php?rest_route=\/wp\/v2\/posts\/36974\/revisions"}],"predecessor-version":[{"id":36976,"href":"https:\/\/www.egemtv.com\/index.php?rest_route=\/wp\/v2\/posts\/36974\/revisions\/36976"}],"wp:featuredmedia":[{"embeddable":true,"href":"https:\/\/www.egemtv.com\/index.php?rest_route=\/wp\/v2\/media\/36975"}],"wp:attachment":[{"href":"https:\/\/www.egemtv.com\/index.php?rest_route=%2Fwp%2Fv2%2Fmedia&parent=36974"}],"wp:term":[{"taxonomy":"category","embeddable":true,"href":"https:\/\/www.egemtv.com\/index.php?rest_route=%2Fwp%2Fv2%2Fcategories&post=36974"},{"taxonomy":"post_tag","embeddable":true,"href":"https:\/\/www.egemtv.com\/index.php?rest_route=%2Fwp%2Fv2%2Ftags&post=36974"}],"curies":[{"name":"wp","href":"https:\/\/api.w.org\/{rel}","templated":true}]}}