{"id":36971,"date":"2025-06-22T13:55:43","date_gmt":"2025-06-22T10:55:43","guid":{"rendered":"https:\/\/www.egemtv.com\/?p=36971"},"modified":"2025-06-22T13:55:48","modified_gmt":"2025-06-22T10:55:48","slug":"kirikagacta-yangin-yeniden-basladi","status":"publish","type":"post","link":"https:\/\/www.egemtv.com\/?p=36971","title":{"rendered":"K\u0131r\u0131ka\u011fa\u00e7\u2019ta yang\u0131n yeniden ba\u015flad\u0131"},"content":{"rendered":"<p>Manisa\u2019n\u0131n K\u0131rka\u011fa\u00e7 il\u00e7esinde d\u00fcn ba\u015flayan ve bu sabah kontrol alt\u0131na al\u0131nan yang\u0131n farkl\u0131 noktadan yeniden alevlenirken, yang\u0131na havadan ve karadan m\u00fcdahale ba\u015flad\u0131.<br \/>\n<br \/>Yang\u0131n Manisa\u2019n\u0131n K\u0131rka\u011fa\u00e7 il\u00e7esine ba\u011fl\u0131 Gelenbe Mahallesinde \u00e7\u0131kt\u0131. D\u00fcn ba\u015flayan ve 16 saat s\u00fcren \u00e7al\u0131\u015fmalarla kontrol alt\u0131na al\u0131nan yang\u0131n farkl\u0131 b\u00f6lgeden yeniden alevlendi. Saat 12.20 s\u0131ralarda kuvvetli r\u00fczgar\u0131n da etkisiyle ba\u015flayan yang\u0131na \u0130zmir Orman B\u00f6lge M\u00fcd\u00fcrl\u00fc\u011f\u00fcne ba\u011fl\u0131 4 u\u00e7ak, 4 helikopter, 25 araz\u00f6z, 11 su tankeri ve 4 dozer ile havadan ve karadan m\u00fcdahale ediliyor.<br \/><\/p>\n","protected":false},"excerpt":{"rendered":"<p>Manisa\u2019n\u0131n K\u0131rka\u011fa\u00e7 il\u00e7esinde d\u00fcn ba\u015flayan ve bu sabah kontrol alt\u0131na al\u0131nan yang\u0131n farkl\u0131 noktadan yeniden alevlenirken, yang\u0131na havadan ve karadan m\u00fcdahale ba\u015flad\u0131. Yang\u0131n Manisa\u2019n\u0131n K\u0131rka\u011fa\u00e7 il\u00e7esine ba\u011fl\u0131 Gelenbe Mahallesinde \u00e7\u0131kt\u0131. D\u00fcn ba\u015flayan ve 16 saat s\u00fcren \u00e7al\u0131\u015fmalarla kontrol alt\u0131na al\u0131nan yang\u0131n farkl\u0131 b\u00f6lgeden yeniden alevlendi. Saat 12.20 s\u0131ralarda kuvvetli r\u00fczgar\u0131n da etkisiyle ba\u015flayan yang\u0131na \u0130zmir&#8230;<\/p>\n","protected":false},"author":1,"featured_media":36972,"comment_status":"open","ping_status":"open","sticky":false,"template":"","format":"standard","meta":{"_crdt_document":"","footnotes":""},"categories":[5],"tags":[],"class_list":["post-36971","post","type-post","status-publish","format-standard","has-post-thumbnail","hentry","category-asayis"],"_links":{"self":[{"href":"https:\/\/www.egemtv.com\/index.php?rest_route=\/wp\/v2\/posts\/36971","targetHints":{"allow":["GET"]}}],"collection":[{"href":"https:\/\/www.egemtv.com\/index.php?rest_route=\/wp\/v2\/posts"}],"about":[{"href":"https:\/\/www.egemtv.com\/index.php?rest_route=\/wp\/v2\/types\/post"}],"author":[{"embeddable":true,"href":"https:\/\/www.egemtv.com\/index.php?rest_route=\/wp\/v2\/users\/1"}],"replies":[{"embeddable":true,"href":"https:\/\/www.egemtv.com\/index.php?rest_route=%2Fwp%2Fv2%2Fcomments&post=36971"}],"version-history":[{"count":1,"href":"https:\/\/www.egemtv.com\/index.php?rest_route=\/wp\/v2\/posts\/36971\/revisions"}],"predecessor-version":[{"id":36973,"href":"https:\/\/www.egemtv.com\/index.php?rest_route=\/wp\/v2\/posts\/36971\/revisions\/36973"}],"wp:featuredmedia":[{"embeddable":true,"href":"https:\/\/www.egemtv.com\/index.php?rest_route=\/wp\/v2\/media\/36972"}],"wp:attachment":[{"href":"https:\/\/www.egemtv.com\/index.php?rest_route=%2Fwp%2Fv2%2Fmedia&parent=36971"}],"wp:term":[{"taxonomy":"category","embeddable":true,"href":"https:\/\/www.egemtv.com\/index.php?rest_route=%2Fwp%2Fv2%2Fcategories&post=36971"},{"taxonomy":"post_tag","embeddable":true,"href":"https:\/\/www.egemtv.com\/index.php?rest_route=%2Fwp%2Fv2%2Ftags&post=36971"}],"curies":[{"name":"wp","href":"https:\/\/api.w.org\/{rel}","templated":true}]}}