{"id":36968,"date":"2025-06-22T13:55:40","date_gmt":"2025-06-22T10:55:40","guid":{"rendered":"https:\/\/www.egemtv.com\/?p=36968"},"modified":"2025-06-22T13:55:43","modified_gmt":"2025-06-22T10:55:43","slug":"kusadasinda-orman-yangini","status":"publish","type":"post","link":"https:\/\/www.egemtv.com\/?p=36968","title":{"rendered":"Ku\u015fadas\u0131\u2019nda orman yang\u0131n\u0131"},"content":{"rendered":"<p>Ayd\u0131n\u2019\u0131n Ku\u015fadas\u0131 il\u00e7esinde orman yang\u0131n\u0131 \u00e7\u0131karken, ekiplerin ve hava ara\u00e7lar\u0131n\u0131n yo\u011fun m\u00fcdahalesi ile alevler kontrol alt\u0131na al\u0131nd\u0131.<\/p>\n<p>Yang\u0131n, Adag\u00f6l Mevkiinde \u00f6\u011fle saatlerinde meydana geldi. Edinilen bilgiye g\u00f6re, hen\u00fcz bilinmeyen bir nedenle ormanl\u0131k alanda yang\u0131n \u00e7\u0131karken b\u00f6lgeden y\u00fckselen alevleri fark eden vatanda\u015flar durumu 112 Acil \u00c7a\u011fr\u0131 Merkezi\u2019ne bildirdi. \u0130hbar \u00fczerine b\u00f6lgeye itfaiye ve orman ekipleri sevk edildi. K\u0131sa s\u00fcrede b\u00f6lgeye gelen Ayd\u0131n B\u00fcy\u00fck\u015fehir Belediyesi \u0130tfaiye Daire Ba\u015fkanl\u0131\u011f\u0131 ve Mu\u011fla Orman B\u00f6lge M\u00fcd\u00fcrl\u00fc\u011f\u00fc ekipleri yang\u0131na karadan m\u00fcdahale ederken, yang\u0131n s\u00f6nd\u00fcrme helikopterleri ve u\u00e7aklar\u0131 da ekiplere havadan destek verdi. Ekiplerin ve hava ara\u00e7lar\u0131n\u0131n yo\u011fun m\u00fcdahalesi ile yang\u0131n kontrol alt\u0131na al\u0131nd\u0131.<\/p>\n<p>Olayla ilgili soru\u015fturma s\u00fcr\u00fcyor.<br \/><\/p>\n","protected":false},"excerpt":{"rendered":"<p>Ayd\u0131n\u2019\u0131n Ku\u015fadas\u0131 il\u00e7esinde orman yang\u0131n\u0131 \u00e7\u0131karken, ekiplerin ve hava ara\u00e7lar\u0131n\u0131n yo\u011fun m\u00fcdahalesi ile alevler kontrol alt\u0131na al\u0131nd\u0131. Yang\u0131n, Adag\u00f6l Mevkiinde \u00f6\u011fle saatlerinde meydana geldi. Edinilen bilgiye g\u00f6re, hen\u00fcz bilinmeyen bir nedenle ormanl\u0131k alanda yang\u0131n \u00e7\u0131karken b\u00f6lgeden y\u00fckselen alevleri fark eden vatanda\u015flar durumu 112 Acil \u00c7a\u011fr\u0131 Merkezi\u2019ne bildirdi. \u0130hbar \u00fczerine b\u00f6lgeye itfaiye ve orman ekipleri sevk&#8230;<\/p>\n","protected":false},"author":1,"featured_media":36969,"comment_status":"open","ping_status":"open","sticky":false,"template":"","format":"standard","meta":{"_crdt_document":"","footnotes":""},"categories":[5],"tags":[],"class_list":["post-36968","post","type-post","status-publish","format-standard","has-post-thumbnail","hentry","category-asayis"],"_links":{"self":[{"href":"https:\/\/www.egemtv.com\/index.php?rest_route=\/wp\/v2\/posts\/36968","targetHints":{"allow":["GET"]}}],"collection":[{"href":"https:\/\/www.egemtv.com\/index.php?rest_route=\/wp\/v2\/posts"}],"about":[{"href":"https:\/\/www.egemtv.com\/index.php?rest_route=\/wp\/v2\/types\/post"}],"author":[{"embeddable":true,"href":"https:\/\/www.egemtv.com\/index.php?rest_route=\/wp\/v2\/users\/1"}],"replies":[{"embeddable":true,"href":"https:\/\/www.egemtv.com\/index.php?rest_route=%2Fwp%2Fv2%2Fcomments&post=36968"}],"version-history":[{"count":1,"href":"https:\/\/www.egemtv.com\/index.php?rest_route=\/wp\/v2\/posts\/36968\/revisions"}],"predecessor-version":[{"id":36970,"href":"https:\/\/www.egemtv.com\/index.php?rest_route=\/wp\/v2\/posts\/36968\/revisions\/36970"}],"wp:featuredmedia":[{"embeddable":true,"href":"https:\/\/www.egemtv.com\/index.php?rest_route=\/wp\/v2\/media\/36969"}],"wp:attachment":[{"href":"https:\/\/www.egemtv.com\/index.php?rest_route=%2Fwp%2Fv2%2Fmedia&parent=36968"}],"wp:term":[{"taxonomy":"category","embeddable":true,"href":"https:\/\/www.egemtv.com\/index.php?rest_route=%2Fwp%2Fv2%2Fcategories&post=36968"},{"taxonomy":"post_tag","embeddable":true,"href":"https:\/\/www.egemtv.com\/index.php?rest_route=%2Fwp%2Fv2%2Ftags&post=36968"}],"curies":[{"name":"wp","href":"https:\/\/api.w.org\/{rel}","templated":true}]}}