{"id":36962,"date":"2025-06-22T13:34:38","date_gmt":"2025-06-22T10:34:38","guid":{"rendered":"https:\/\/www.egemtv.com\/?p=36962"},"modified":"2025-06-22T13:34:41","modified_gmt":"2025-06-22T10:34:41","slug":"aparmanin-3uncu-katindan-kendini-bosluga-birakan-genc-kiz-hayatini-kaybetti","status":"publish","type":"post","link":"https:\/\/www.egemtv.com\/?p=36962","title":{"rendered":"Aparman\u0131n 3\u2019\u00fcnc\u00fc kat\u0131ndan kendini bo\u015flu\u011fa b\u0131rakan gen\u00e7 k\u0131z hayat\u0131n\u0131 kaybetti"},"content":{"rendered":"<p>Ayd\u0131n\u2019\u0131n Efeler il\u00e7esinde bir apartman\u0131n 3. kat\u0131ndan kendini bo\u015flu\u011fa b\u0131rakan gen\u00e7 k\u0131z kald\u0131r\u0131ld\u0131\u011f\u0131 hastanede hayat\u0131n\u0131 kaybetti.<br \/>\n<br \/>Olay, 21 Haziran Cumartesi g\u00fcn\u00fc saat 18.30 s\u0131ralar\u0131nda Adnan Menderes Mahallesi\u2019nde meydana geldi. Edinilen bilgiye g\u00f6re, hen\u00fcz bilinmeyen bir nedenle bunal\u0131ma girdi\u011fi \u00f6\u011frenilen Z.N.A. (17), apartman\u0131n 3. kat\u0131ndaki evin balkonuna \u00e7\u0131karak kendini a\u015fa\u011f\u0131ya sark\u0131tt\u0131. K\u0131z\u0131n balkonda tehlikeli hareketler yapt\u0131\u011f\u0131n\u0131 fark eden vatanda\u015flar durumu 112 Acil \u00c7a\u011fr\u0131 Merkezi\u2019ne bildirdi. \u00c7evre sakinlerinin ikna etmeye \u00e7al\u0131\u015ft\u0131\u011f\u0131 Z.N.A. birden kendini bo\u015flu\u011fa b\u0131rakt\u0131. Gen\u00e7 k\u0131z\u0131n apartman\u0131n 3. kat\u0131ndan kendini bo\u015flu\u011fa b\u0131rakt\u0131\u011f\u0131 anlar kameraya yans\u0131rken, yak\u0131nlar\u0131 sinir krizi ge\u00e7irdi. Olay yerine gelen sa\u011fl\u0131k ekipleri gen\u00e7 k\u0131za ilk m\u00fcdahaleyi yaparak ambulansla hastaneye kald\u0131rd\u0131. Hastanede tedavi alt\u0131na al\u0131nan Z.N.A., doktorlar\u0131n t\u00fcm \u00e7abalar\u0131na ra\u011fmen kurtar\u0131lamad\u0131. Ac\u0131 haberi alan ailesi ve yak\u0131nlar\u0131 yasa bo\u011fuldu.<br \/>\n<br \/>Olayla ilgili soru\u015fturma s\u00fcr\u00fcyor.<br \/><\/p>\n","protected":false},"excerpt":{"rendered":"<p>Ayd\u0131n\u2019\u0131n Efeler il\u00e7esinde bir apartman\u0131n 3. kat\u0131ndan kendini bo\u015flu\u011fa b\u0131rakan gen\u00e7 k\u0131z kald\u0131r\u0131ld\u0131\u011f\u0131 hastanede hayat\u0131n\u0131 kaybetti. Olay, 21 Haziran Cumartesi g\u00fcn\u00fc saat 18.30 s\u0131ralar\u0131nda Adnan Menderes Mahallesi\u2019nde meydana geldi. Edinilen bilgiye g\u00f6re, hen\u00fcz bilinmeyen bir nedenle bunal\u0131ma girdi\u011fi \u00f6\u011frenilen Z.N.A. (17), apartman\u0131n 3. kat\u0131ndaki evin balkonuna \u00e7\u0131karak kendini a\u015fa\u011f\u0131ya sark\u0131tt\u0131. K\u0131z\u0131n balkonda tehlikeli hareketler yapt\u0131\u011f\u0131n\u0131&#8230;<\/p>\n","protected":false},"author":1,"featured_media":36963,"comment_status":"open","ping_status":"open","sticky":false,"template":"","format":"standard","meta":{"_crdt_document":"","footnotes":""},"categories":[5],"tags":[],"class_list":["post-36962","post","type-post","status-publish","format-standard","has-post-thumbnail","hentry","category-asayis"],"_links":{"self":[{"href":"https:\/\/www.egemtv.com\/index.php?rest_route=\/wp\/v2\/posts\/36962","targetHints":{"allow":["GET"]}}],"collection":[{"href":"https:\/\/www.egemtv.com\/index.php?rest_route=\/wp\/v2\/posts"}],"about":[{"href":"https:\/\/www.egemtv.com\/index.php?rest_route=\/wp\/v2\/types\/post"}],"author":[{"embeddable":true,"href":"https:\/\/www.egemtv.com\/index.php?rest_route=\/wp\/v2\/users\/1"}],"replies":[{"embeddable":true,"href":"https:\/\/www.egemtv.com\/index.php?rest_route=%2Fwp%2Fv2%2Fcomments&post=36962"}],"version-history":[{"count":1,"href":"https:\/\/www.egemtv.com\/index.php?rest_route=\/wp\/v2\/posts\/36962\/revisions"}],"predecessor-version":[{"id":36964,"href":"https:\/\/www.egemtv.com\/index.php?rest_route=\/wp\/v2\/posts\/36962\/revisions\/36964"}],"wp:featuredmedia":[{"embeddable":true,"href":"https:\/\/www.egemtv.com\/index.php?rest_route=\/wp\/v2\/media\/36963"}],"wp:attachment":[{"href":"https:\/\/www.egemtv.com\/index.php?rest_route=%2Fwp%2Fv2%2Fmedia&parent=36962"}],"wp:term":[{"taxonomy":"category","embeddable":true,"href":"https:\/\/www.egemtv.com\/index.php?rest_route=%2Fwp%2Fv2%2Fcategories&post=36962"},{"taxonomy":"post_tag","embeddable":true,"href":"https:\/\/www.egemtv.com\/index.php?rest_route=%2Fwp%2Fv2%2Ftags&post=36962"}],"curies":[{"name":"wp","href":"https:\/\/api.w.org\/{rel}","templated":true}]}}