{"id":36959,"date":"2025-06-22T13:20:55","date_gmt":"2025-06-22T10:20:55","guid":{"rendered":"https:\/\/www.egemtv.com\/?p=36959"},"modified":"2025-06-22T13:20:58","modified_gmt":"2025-06-22T10:20:58","slug":"700-yillik-cami-zamana-meydan-okuyor","status":"publish","type":"post","link":"https:\/\/www.egemtv.com\/?p=36959","title":{"rendered":"700 y\u0131ll\u0131k cami zamana meydan okuyor"},"content":{"rendered":"<p>Manisa\u2019n\u0131n Demirci il\u00e7esine ba\u011fl\u0131 K\u00fcpeler Mahallesi\u2019ndeki 700 y\u0131ll\u0131k cami mimarisiyle dikkat \u00e7ekiyor. Yap\u0131ld\u0131\u011f\u0131 d\u00f6nemdeki ustalar\u0131n k\u0131ramad\u0131klar\u0131 kayalar\u0131 oldu\u011fu gibi b\u0131rakarak duvar in\u015fa etmesi sebebiyle kayal\u0131k yap\u0131 cami i\u00e7erisinde kald\u0131.<br \/>\n<br \/>Manisa\u2019n\u0131n Demirci il\u00e7esine ba\u011fl\u0131 K\u00fcpeler Mahallesi\u2019ndeki 700 y\u0131ll\u0131k cami adeta zamana meydan okuyor. Yap\u0131ld\u0131\u011f\u0131 d\u00f6nemde kayal\u0131k zemine oturtulan cami pek \u00e7ok deprem, sel ve benzeri afetlerden zarar g\u00f6rmeden bug\u00fcnlere kadar gelmeyi ba\u015fard\u0131. 1378 y\u0131l\u0131nda \u00f6nce b\u00f6lgeye gelen Hatip \u0130smail taraf\u0131ndan in\u015fa ettirilen cami mimarisiyle de dikkat \u00e7ekiyor. Yap\u0131ld\u0131\u011f\u0131 d\u00f6nemdeki ustalar\u0131n k\u0131ramad\u0131klar\u0131 kayalar\u0131 oldu\u011fu gibi b\u0131rakarak duvar in\u015fa etmesi sebebiyle kayal\u0131k yap\u0131 cami i\u00e7erisinde kald\u0131. Uzun y\u0131llar kullan\u0131lamayan cami ge\u00e7ti\u011fimiz y\u0131llarda An\u0131tlar Kurulu ve Manisa B\u00fcy\u00fck\u015fehir Belediyesinin giri\u015fimleriyle restore edilerek yeniden g\u00fcn\u00fcm\u00fcze kazand\u0131r\u0131ld\u0131. \u0130mam\u0131 olmasa da ibadete a\u00e7\u0131lan cami \u00f6zellikle mimariye ilgi duyan pek \u00e7ok ziyaret\u00e7iyi a\u011f\u0131rlamaya haz\u0131r. B\u00f6lgeye gelen vatanda\u015flar hem camiyi ziyaret edebiliyor hem de vakit namazlar\u0131n\u0131 burada k\u0131labiliyor.<br \/>\n<br \/>Caminin restore edilmesinde \u00f6nemli katk\u0131lar sa\u011flayan Manisa B\u00fcy\u00fck\u015fehir Belediyesi Demirci eski Koordinat\u00f6r\u00fc ve \u0130n\u015faat M\u00fchendisi Kaz\u0131m Aysan, &#8220;Demirci\u2019nin en eski k\u00f6ylerimizden bir tanesi. 1378 y\u0131l\u0131nda k\u00f6ye gelen Hatip \u0130smail taraf\u0131ndan burada ilim tahsil etmek, \u00e7ocuk yeti\u015ftirmek \u00fczere cami yap\u0131lmas\u0131n\u0131 ister. Bu caminin de k\u00f6y\u00fcn d\u0131\u015f\u0131nda yer alan yamac\u0131ndaki bu kayal\u0131k alan se\u00e7ilir. O g\u00fcn\u00fcn \u015fartlar\u0131nda el birli\u011fiyle k\u00f6yl\u00fclerle beraber buraya tamamen kayan\u0131n\u0131n \u00fczerine oturtulmu\u015f bir cami in\u015fa edilir. 1378 y\u0131l\u0131nda yap\u0131lan bu cami halen ayaktad\u0131r. K\u00f6y\u00fcn ya\u015fam\u0131\u015f oldu\u011fu bir \u00e7ok depreme ra\u011fmen bu cami ayakta kalabilmeyi zemininden dolay\u0131 ba\u015farabilmi\u015ftir. 1378 y\u0131l\u0131ndan 500 y\u0131l sonra bir restorasyon g\u00f6rm\u00fc\u015f. Bu restorasyondan sonra ikinci bir yap\u0131l\u0131\u015f y\u0131l\u0131 17. y\u00fczy\u0131lda ger\u00e7ekle\u015ftirilmi\u015ftir. 2017 y\u0131l\u0131nda Manisa B\u00fcy\u00fck\u015fehir Belediyesi taraf\u0131ndan k\u00fclt\u00fcr varl\u0131\u011f\u0131 tescilli bu yap\u0131 belediye imkanlar\u0131yla restore edilerek ibadete a\u00e7\u0131lm\u0131\u015ft\u0131r. Restorasyonda An\u0131tlar Kuruluyla birlikte \u00e7al\u0131\u015f\u0131larak caminin ilk g\u00fcnk\u00fc desenlerine ula\u015f\u0131lm\u0131\u015ft\u0131r. Caminin t\u00fcm eski s\u00fcslemeleri meydana \u00e7\u0131kar\u0131lm\u0131\u015ft\u0131r. Asl\u0131na uygun olarak tekrar a\u00e7\u0131lan bu cami ibadete a\u00e7\u0131k vaziyettedir. Bu b\u00f6lgenin en tarihi yap\u0131s\u0131 olarak yer almaktad\u0131r. 700 y\u0131ll\u0131k bu cami Demirci\u2019nin en eski k\u00fclt\u00fcr varl\u0131klar\u0131ndan bir tanesidir. Buran\u0131n restorasyonundan sonra bir \u00e7ok seyyah taraf\u0131ndan da ziyaret edilmi\u015ftir&#8221; dedi.<\/p>\n<p>Kitabesi hakk\u0131nda<br \/>\n<br \/>\u00d6te yandan K\u00fcpeler Mahallesinde yer alan tarihi caminin kitabesinde ise \u015fu ifadelere yer verildi: &#8220;Hatip \u0130smail taraf\u0131ndan 1378 y\u0131l\u0131nda in\u015fa edilmi\u015ftir ve 1890 y\u0131l\u0131nda da onar\u0131m g\u00f6rm\u00fc\u015ft\u00fcr. Onar\u0131m kitabesinden tacir Ali A\u011fa\u2019n\u0131n o\u011flu Mehmet Emin\u2019in hattat olarak \u00e7al\u0131\u015ft\u0131\u011f\u0131n\u0131 anlamaktay\u0131z. Son cemaat yerindeki di\u011fer kitabelerden ise Karacaha\u00e7inler\u2019den Karamehmet o\u011flu Mehmet\u2019in ve Hac\u0131 \u0130brahim\u2019in yap\u0131y\u0131 tamir etti\u011fi, k\u0131ym\u0131k\u00e7\u0131 Mustafa\u2019n\u0131n ise usta olarak \u00e7al\u0131\u015ft\u0131\u011f\u0131 anla\u015f\u0131lmaktad\u0131r. 1378 y\u0131l\u0131nda yap\u0131lan cami\u2019nin Saruhano\u011fullar\u0131 d\u00f6neminde yap\u0131ld\u0131\u011f\u0131 anla\u015f\u0131lmaktad\u0131r. Saruhano\u011flu Ishak Bey\u2019in 1378 y\u0131l\u0131nda vefat etmi\u015f, yerine o\u011flu H\u0131z\u0131r \u015eah gelmi\u015ftir. Caminin, H\u0131z\u0131r \u015eah zaman\u0131nda yap\u0131ld\u0131\u011f\u0131 bilinen k\u00fclt\u00fcrel yap\u0131lardan biri olma ihtimali y\u00fcksektir&#8221;<br \/><\/p>\n","protected":false},"excerpt":{"rendered":"<p>Manisa\u2019n\u0131n Demirci il\u00e7esine ba\u011fl\u0131 K\u00fcpeler Mahallesi\u2019ndeki 700 y\u0131ll\u0131k cami mimarisiyle dikkat \u00e7ekiyor. Yap\u0131ld\u0131\u011f\u0131 d\u00f6nemdeki ustalar\u0131n k\u0131ramad\u0131klar\u0131 kayalar\u0131 oldu\u011fu gibi b\u0131rakarak duvar in\u015fa etmesi sebebiyle kayal\u0131k yap\u0131 cami i\u00e7erisinde kald\u0131. Manisa\u2019n\u0131n Demirci il\u00e7esine ba\u011fl\u0131 K\u00fcpeler Mahallesi\u2019ndeki 700 y\u0131ll\u0131k cami adeta zamana meydan okuyor. Yap\u0131ld\u0131\u011f\u0131 d\u00f6nemde kayal\u0131k zemine oturtulan cami pek \u00e7ok deprem, sel ve benzeri afetlerden&#8230;<\/p>\n","protected":false},"author":1,"featured_media":36960,"comment_status":"open","ping_status":"open","sticky":false,"template":"","format":"standard","meta":{"_crdt_document":"","footnotes":""},"categories":[1],"tags":[],"class_list":["post-36959","post","type-post","status-publish","format-standard","has-post-thumbnail","hentry","category-guncel"],"_links":{"self":[{"href":"https:\/\/www.egemtv.com\/index.php?rest_route=\/wp\/v2\/posts\/36959","targetHints":{"allow":["GET"]}}],"collection":[{"href":"https:\/\/www.egemtv.com\/index.php?rest_route=\/wp\/v2\/posts"}],"about":[{"href":"https:\/\/www.egemtv.com\/index.php?rest_route=\/wp\/v2\/types\/post"}],"author":[{"embeddable":true,"href":"https:\/\/www.egemtv.com\/index.php?rest_route=\/wp\/v2\/users\/1"}],"replies":[{"embeddable":true,"href":"https:\/\/www.egemtv.com\/index.php?rest_route=%2Fwp%2Fv2%2Fcomments&post=36959"}],"version-history":[{"count":1,"href":"https:\/\/www.egemtv.com\/index.php?rest_route=\/wp\/v2\/posts\/36959\/revisions"}],"predecessor-version":[{"id":36961,"href":"https:\/\/www.egemtv.com\/index.php?rest_route=\/wp\/v2\/posts\/36959\/revisions\/36961"}],"wp:featuredmedia":[{"embeddable":true,"href":"https:\/\/www.egemtv.com\/index.php?rest_route=\/wp\/v2\/media\/36960"}],"wp:attachment":[{"href":"https:\/\/www.egemtv.com\/index.php?rest_route=%2Fwp%2Fv2%2Fmedia&parent=36959"}],"wp:term":[{"taxonomy":"category","embeddable":true,"href":"https:\/\/www.egemtv.com\/index.php?rest_route=%2Fwp%2Fv2%2Fcategories&post=36959"},{"taxonomy":"post_tag","embeddable":true,"href":"https:\/\/www.egemtv.com\/index.php?rest_route=%2Fwp%2Fv2%2Ftags&post=36959"}],"curies":[{"name":"wp","href":"https:\/\/api.w.org\/{rel}","templated":true}]}}