{"id":36956,"date":"2025-06-22T13:20:49","date_gmt":"2025-06-22T10:20:49","guid":{"rendered":"https:\/\/www.egemtv.com\/?p=36956"},"modified":"2025-06-22T13:20:54","modified_gmt":"2025-06-22T10:20:54","slug":"ispartada-yksnin-ikinci-oturumu-ayt-heyecani-sona-erdi","status":"publish","type":"post","link":"https:\/\/www.egemtv.com\/?p=36956","title":{"rendered":"Isparta\u2019da YKS\u2019nin ikinci oturumu AYT heyecan\u0131 sona erdi"},"content":{"rendered":"<p>Y\u00fcksek\u00f6\u011fretim Kurumlar\u0131 S\u0131nav\u0131\u2019n\u0131n (YKS) ikinci oturumu Alan Yeterlilik Testi (AYT), Isparta\u2019da sabah saatlerinde ba\u015flad\u0131. \u00d6\u011frenciler i\u00e7eride ter d\u00f6kerken, aileleri d\u0131\u015far\u0131da dua etti.<br \/>\n<br \/>Y\u00fcksek\u00f6\u011fretim Kurumlar\u0131 S\u0131nav\u0131\u2019n\u0131n (YKS) ikinci oturumu olan Alan Yeterlilik Testi (AYT), bug\u00fcn T\u00fcrkiye genelinde oldu\u011fu gibi Isparta\u2019da da ger\u00e7ekle\u015fti. D\u00fcn Temel Yeterlilik Testi\u2019ne (TYT) giren adaylar, bug\u00fcn sabah erken saatlerde yeniden s\u0131nav merkezlerinin yolunu tuttu. S\u0131nav\u0131n yap\u0131laca\u011f\u0131 okullara gelen \u00f6\u011frenciler, kimlik ve belgeleri kontrol edilerek i\u00e7eri al\u0131nd\u0131. Saat 10.00 itibar\u0131yla okul kap\u0131lar\u0131 kapat\u0131l\u0131rken, ge\u00e7 kalan adaylar s\u0131nava al\u0131nmad\u0131. Aileler ise okul \u00f6nlerinde \u00e7ocuklar\u0131n\u0131n ba\u015far\u0131l\u0131 olmas\u0131 i\u00e7in dua ederek bekledi. AYT oturumunda adaylara toplam 160 soru y\u00f6neltildi ve s\u0131nav s\u00fcresi 180 dakika olarak uyguland\u0131. AYT\u2019nin ard\u0131ndan YKS maratonu, bug\u00fcn yap\u0131lacak \u00fc\u00e7\u00fcnc\u00fc ve son oturum olan Yabanc\u0131 Dil Testi (YDT) ile sona erecek.<br \/><\/p>\n","protected":false},"excerpt":{"rendered":"<p>Y\u00fcksek\u00f6\u011fretim Kurumlar\u0131 S\u0131nav\u0131\u2019n\u0131n (YKS) ikinci oturumu Alan Yeterlilik Testi (AYT), Isparta\u2019da sabah saatlerinde ba\u015flad\u0131. \u00d6\u011frenciler i\u00e7eride ter d\u00f6kerken, aileleri d\u0131\u015far\u0131da dua etti. Y\u00fcksek\u00f6\u011fretim Kurumlar\u0131 S\u0131nav\u0131\u2019n\u0131n (YKS) ikinci oturumu olan Alan Yeterlilik Testi (AYT), bug\u00fcn T\u00fcrkiye genelinde oldu\u011fu gibi Isparta\u2019da da ger\u00e7ekle\u015fti. D\u00fcn Temel Yeterlilik Testi\u2019ne (TYT) giren adaylar, bug\u00fcn sabah erken saatlerde yeniden s\u0131nav merkezlerinin&#8230;<\/p>\n","protected":false},"author":1,"featured_media":36957,"comment_status":"open","ping_status":"open","sticky":false,"template":"","format":"standard","meta":{"_crdt_document":"","footnotes":""},"categories":[1],"tags":[],"class_list":["post-36956","post","type-post","status-publish","format-standard","has-post-thumbnail","hentry","category-guncel"],"_links":{"self":[{"href":"https:\/\/www.egemtv.com\/index.php?rest_route=\/wp\/v2\/posts\/36956","targetHints":{"allow":["GET"]}}],"collection":[{"href":"https:\/\/www.egemtv.com\/index.php?rest_route=\/wp\/v2\/posts"}],"about":[{"href":"https:\/\/www.egemtv.com\/index.php?rest_route=\/wp\/v2\/types\/post"}],"author":[{"embeddable":true,"href":"https:\/\/www.egemtv.com\/index.php?rest_route=\/wp\/v2\/users\/1"}],"replies":[{"embeddable":true,"href":"https:\/\/www.egemtv.com\/index.php?rest_route=%2Fwp%2Fv2%2Fcomments&post=36956"}],"version-history":[{"count":1,"href":"https:\/\/www.egemtv.com\/index.php?rest_route=\/wp\/v2\/posts\/36956\/revisions"}],"predecessor-version":[{"id":36958,"href":"https:\/\/www.egemtv.com\/index.php?rest_route=\/wp\/v2\/posts\/36956\/revisions\/36958"}],"wp:featuredmedia":[{"embeddable":true,"href":"https:\/\/www.egemtv.com\/index.php?rest_route=\/wp\/v2\/media\/36957"}],"wp:attachment":[{"href":"https:\/\/www.egemtv.com\/index.php?rest_route=%2Fwp%2Fv2%2Fmedia&parent=36956"}],"wp:term":[{"taxonomy":"category","embeddable":true,"href":"https:\/\/www.egemtv.com\/index.php?rest_route=%2Fwp%2Fv2%2Fcategories&post=36956"},{"taxonomy":"post_tag","embeddable":true,"href":"https:\/\/www.egemtv.com\/index.php?rest_route=%2Fwp%2Fv2%2Ftags&post=36956"}],"curies":[{"name":"wp","href":"https:\/\/api.w.org\/{rel}","templated":true}]}}