{"id":36953,"date":"2025-06-22T12:56:30","date_gmt":"2025-06-22T09:56:30","guid":{"rendered":"https:\/\/www.egemtv.com\/?p=36953"},"modified":"2025-06-22T12:56:35","modified_gmt":"2025-06-22T09:56:35","slug":"aydin-jandarmasindan-milli-parkta-cevre-bilinci-seferberligi","status":"publish","type":"post","link":"https:\/\/www.egemtv.com\/?p=36953","title":{"rendered":"Ayd\u0131n jandarmas\u0131ndan Milli Park\u2019ta \u00e7evre bilinci seferberli\u011fi"},"content":{"rendered":"<p>Ayd\u0131n \u0130l Jandarma Komutanl\u0131\u011f\u0131\u2019na ba\u011fl\u0131 \u00c7evre, Do\u011fa ve Hayvanlar\u0131 Koruma Tim Komutanl\u0131\u011f\u0131 ile Ku\u015fadas\u0131 \u0130l\u00e7e Jandarma Komutanl\u0131\u011f\u0131 ekipleri, Ku\u015fadas\u0131 Dilek Yar\u0131madas\u0131 Milli Park\u0131\u2019na gelen yerli ve yabanc\u0131 turistleri do\u011fa konusunda bilgilendirdi.<\/p>\n<p>Yang\u0131n risklerine kar\u015f\u0131 dikkat \u00e7ekmek, \u00e7evre ve do\u011fa sevgisini a\u015f\u0131lamak amac\u0131yla ger\u00e7ekle\u015ftirilen etkinlikte, \u2019Her \u015fey Elimizde\u2019 mottosuyla haz\u0131rlanan \u2019Ormanl\u0131k Alanlarda Dikkat Edilmesi Gereken Kurallar\u2019 ba\u015fl\u0131kl\u0131 bro\u015f\u00fcrler ziyaret\u00e7ilere da\u011f\u0131t\u0131ld\u0131. Ekipler, milli park i\u00e7erisinde do\u011fay\u0131 koruman\u0131n sadece kurumlar\u0131n de\u011fil, t\u00fcm bireylerin sorumlulu\u011fu oldu\u011funu vurgulayarak \u00f6zellikle yaz aylar\u0131nda artan orman yang\u0131nlar\u0131na kar\u015f\u0131 dikkatli olunmas\u0131 gerekti\u011fine dikkat \u00e7ekti. \u00c7ocuklar da unutulmad\u0131\u011f\u0131 etkinlikte minik ziyaret\u00e7ilere T\u00fcrk bayra\u011f\u0131 ve balonlar hediye edilerek hem \u00e7evre sevgisi hem de milli de\u011ferler konular\u0131nda fark\u0131ndal\u0131k olu\u015fturuldu.<\/p>\n<p>Ayd\u0131n \u0130l Jandarma Komutanl\u0131\u011f\u0131 yetkilileri, bu t\u00fcr etkinliklerle do\u011fan\u0131n korunmas\u0131 ve gelecek nesillere sa\u011fl\u0131kl\u0131 bir \u00e7evre b\u0131rak\u0131lmas\u0131 ad\u0131na bilgilendirme \u00e7al\u0131\u015fmalar\u0131na aral\u0131ks\u0131z devam edeceklerini belirtti.<br \/><\/p>\n","protected":false},"excerpt":{"rendered":"<p>Ayd\u0131n \u0130l Jandarma Komutanl\u0131\u011f\u0131\u2019na ba\u011fl\u0131 \u00c7evre, Do\u011fa ve Hayvanlar\u0131 Koruma Tim Komutanl\u0131\u011f\u0131 ile Ku\u015fadas\u0131 \u0130l\u00e7e Jandarma Komutanl\u0131\u011f\u0131 ekipleri, Ku\u015fadas\u0131 Dilek Yar\u0131madas\u0131 Milli Park\u0131\u2019na gelen yerli ve yabanc\u0131 turistleri do\u011fa konusunda bilgilendirdi. Yang\u0131n risklerine kar\u015f\u0131 dikkat \u00e7ekmek, \u00e7evre ve do\u011fa sevgisini a\u015f\u0131lamak amac\u0131yla ger\u00e7ekle\u015ftirilen etkinlikte, \u2019Her \u015fey Elimizde\u2019 mottosuyla haz\u0131rlanan \u2019Ormanl\u0131k Alanlarda Dikkat Edilmesi Gereken Kurallar\u2019&#8230;<\/p>\n","protected":false},"author":1,"featured_media":36954,"comment_status":"open","ping_status":"open","sticky":false,"template":"","format":"standard","meta":{"_crdt_document":"","footnotes":""},"categories":[1],"tags":[],"class_list":["post-36953","post","type-post","status-publish","format-standard","has-post-thumbnail","hentry","category-guncel"],"_links":{"self":[{"href":"https:\/\/www.egemtv.com\/index.php?rest_route=\/wp\/v2\/posts\/36953","targetHints":{"allow":["GET"]}}],"collection":[{"href":"https:\/\/www.egemtv.com\/index.php?rest_route=\/wp\/v2\/posts"}],"about":[{"href":"https:\/\/www.egemtv.com\/index.php?rest_route=\/wp\/v2\/types\/post"}],"author":[{"embeddable":true,"href":"https:\/\/www.egemtv.com\/index.php?rest_route=\/wp\/v2\/users\/1"}],"replies":[{"embeddable":true,"href":"https:\/\/www.egemtv.com\/index.php?rest_route=%2Fwp%2Fv2%2Fcomments&post=36953"}],"version-history":[{"count":1,"href":"https:\/\/www.egemtv.com\/index.php?rest_route=\/wp\/v2\/posts\/36953\/revisions"}],"predecessor-version":[{"id":36955,"href":"https:\/\/www.egemtv.com\/index.php?rest_route=\/wp\/v2\/posts\/36953\/revisions\/36955"}],"wp:featuredmedia":[{"embeddable":true,"href":"https:\/\/www.egemtv.com\/index.php?rest_route=\/wp\/v2\/media\/36954"}],"wp:attachment":[{"href":"https:\/\/www.egemtv.com\/index.php?rest_route=%2Fwp%2Fv2%2Fmedia&parent=36953"}],"wp:term":[{"taxonomy":"category","embeddable":true,"href":"https:\/\/www.egemtv.com\/index.php?rest_route=%2Fwp%2Fv2%2Fcategories&post=36953"},{"taxonomy":"post_tag","embeddable":true,"href":"https:\/\/www.egemtv.com\/index.php?rest_route=%2Fwp%2Fv2%2Ftags&post=36953"}],"curies":[{"name":"wp","href":"https:\/\/api.w.org\/{rel}","templated":true}]}}