{"id":36950,"date":"2025-06-22T12:56:25","date_gmt":"2025-06-22T09:56:25","guid":{"rendered":"https:\/\/www.egemtv.com\/?p=36950"},"modified":"2025-06-22T12:56:30","modified_gmt":"2025-06-22T09:56:30","slug":"baskan-cercioglu-universite-adaylarinin-yaninda","status":"publish","type":"post","link":"https:\/\/www.egemtv.com\/?p=36950","title":{"rendered":"Ba\u015fkan \u00c7er\u00e7io\u011flu \u00fcniversite adaylar\u0131n\u0131n yan\u0131nda"},"content":{"rendered":"<p>Ayd\u0131n B\u00fcy\u00fck\u015fehir Belediye Ba\u015fkan\u0131 \u00d6zlem \u00c7er\u00e7io\u011flu, Y\u00fcksek\u00f6\u011fretim Kurumlar\u0131 S\u0131nav\u0131\u2019n\u0131n (YKS) ilk ve ikinci oturumlar\u0131 olan TYT ve AYT\u2019de ter d\u00f6ken \u00f6\u011frencileri ve onlar\u0131 bekleyen ailelerini yaln\u0131z b\u0131rakmad\u0131.<\/p>\n<p>Ayd\u0131n B\u00fcy\u00fck\u015fehir Belediyesi ekipleri, s\u0131nav merkezlerinin \u00f6n\u00fcnde kurdu\u011fu stantlarda \u00f6\u011frencilere ve velilere \u00fccretsiz su ikram ederek hem s\u0131cak havada serin bir nefes ald\u0131rd\u0131 hem de s\u0131nav heyecan\u0131n\u0131 payla\u015ft\u0131. Ayd\u0131n genelinde s\u0131nav merkezleri \u00f6n\u00fcnde sabah\u0131n erken saatlerinden itibaren haz\u0131r bulunan B\u00fcy\u00fck\u015fehir Belediyesi ekipleri, sadece \u00f6\u011frencilerin de\u011fil ailelerinin de yan\u0131nda oldu. Y\u0131l boyunca B\u00fcy\u00fck\u015fehir Belediyesi K\u00fclt\u00fcr Merkezleri\u2019nde verilen et\u00fctler ve sa\u011flanan kaynak deste\u011fiyle gen\u00e7lerin yan\u0131nda olan B\u00fcy\u00fck\u015fehir Belediyesi, s\u0131nav g\u00fcn\u00fc de sahadaki deste\u011fini s\u00fcrd\u00fcrd\u00fc.<\/p>\n<p>&#8220;Gen\u00e7lerimizin ba\u015far\u0131s\u0131 hepimizin gururu&#8221;<br \/>\n<br \/>E\u011fitime desteklerinin s\u00fcrece\u011fini belirten Ayd\u0131n B\u00fcy\u00fck\u015fehir Belediye Ba\u015fkan\u0131 \u00d6zlem \u00c7er\u00e7io\u011flu, &#8220;\u00dcniversite hayali kuran t\u00fcm adaylar\u0131m\u0131za g\u00f6n\u00fclden ba\u015far\u0131lar diliyorum. Ayd\u0131n B\u00fcy\u00fck\u015fehir Belediyesi olarak onlar\u0131n her zaman yan\u0131nda olmaya devam edece\u011fiz. Gen\u00e7lerimizin ba\u015far\u0131s\u0131 hepimizin gururu olacak&#8221; ifadelerini kulland\u0131.<br \/><\/p>\n","protected":false},"excerpt":{"rendered":"<p>Ayd\u0131n B\u00fcy\u00fck\u015fehir Belediye Ba\u015fkan\u0131 \u00d6zlem \u00c7er\u00e7io\u011flu, Y\u00fcksek\u00f6\u011fretim Kurumlar\u0131 S\u0131nav\u0131\u2019n\u0131n (YKS) ilk ve ikinci oturumlar\u0131 olan TYT ve AYT\u2019de ter d\u00f6ken \u00f6\u011frencileri ve onlar\u0131 bekleyen ailelerini yaln\u0131z b\u0131rakmad\u0131. Ayd\u0131n B\u00fcy\u00fck\u015fehir Belediyesi ekipleri, s\u0131nav merkezlerinin \u00f6n\u00fcnde kurdu\u011fu stantlarda \u00f6\u011frencilere ve velilere \u00fccretsiz su ikram ederek hem s\u0131cak havada serin bir nefes ald\u0131rd\u0131 hem de s\u0131nav heyecan\u0131n\u0131 payla\u015ft\u0131&#8230;.<\/p>\n","protected":false},"author":1,"featured_media":36951,"comment_status":"open","ping_status":"open","sticky":false,"template":"","format":"standard","meta":{"_crdt_document":"","footnotes":""},"categories":[1],"tags":[],"class_list":["post-36950","post","type-post","status-publish","format-standard","has-post-thumbnail","hentry","category-guncel"],"_links":{"self":[{"href":"https:\/\/www.egemtv.com\/index.php?rest_route=\/wp\/v2\/posts\/36950","targetHints":{"allow":["GET"]}}],"collection":[{"href":"https:\/\/www.egemtv.com\/index.php?rest_route=\/wp\/v2\/posts"}],"about":[{"href":"https:\/\/www.egemtv.com\/index.php?rest_route=\/wp\/v2\/types\/post"}],"author":[{"embeddable":true,"href":"https:\/\/www.egemtv.com\/index.php?rest_route=\/wp\/v2\/users\/1"}],"replies":[{"embeddable":true,"href":"https:\/\/www.egemtv.com\/index.php?rest_route=%2Fwp%2Fv2%2Fcomments&post=36950"}],"version-history":[{"count":1,"href":"https:\/\/www.egemtv.com\/index.php?rest_route=\/wp\/v2\/posts\/36950\/revisions"}],"predecessor-version":[{"id":36952,"href":"https:\/\/www.egemtv.com\/index.php?rest_route=\/wp\/v2\/posts\/36950\/revisions\/36952"}],"wp:featuredmedia":[{"embeddable":true,"href":"https:\/\/www.egemtv.com\/index.php?rest_route=\/wp\/v2\/media\/36951"}],"wp:attachment":[{"href":"https:\/\/www.egemtv.com\/index.php?rest_route=%2Fwp%2Fv2%2Fmedia&parent=36950"}],"wp:term":[{"taxonomy":"category","embeddable":true,"href":"https:\/\/www.egemtv.com\/index.php?rest_route=%2Fwp%2Fv2%2Fcategories&post=36950"},{"taxonomy":"post_tag","embeddable":true,"href":"https:\/\/www.egemtv.com\/index.php?rest_route=%2Fwp%2Fv2%2Ftags&post=36950"}],"curies":[{"name":"wp","href":"https:\/\/api.w.org\/{rel}","templated":true}]}}