{"id":36947,"date":"2025-06-22T11:36:22","date_gmt":"2025-06-22T08:36:22","guid":{"rendered":"https:\/\/www.egemtv.com\/?p=36947"},"modified":"2025-06-22T11:36:24","modified_gmt":"2025-06-22T08:36:24","slug":"kimligini-unutan-ogrenciye-polis-yetisti-sinava-dakikalar-kala-girebildi","status":"publish","type":"post","link":"https:\/\/www.egemtv.com\/?p=36947","title":{"rendered":"Kimli\u011fini unutan \u00f6\u011frenciye polis yeti\u015fti, s\u0131nava dakikalar kala girebildi"},"content":{"rendered":"<p>Mu\u011fla\u2019n\u0131n Bodrum il\u00e7esinde AYT s\u0131nav\u0131na girmek i\u00e7in evinden \u00e7\u0131kan bir \u00f6\u011frenci, kimli\u011fini unuttu\u011funu s\u0131nav binas\u0131 \u00f6n\u00fcne geldi\u011finde fark etti. Dakikalarla yar\u0131\u015f\u0131lan olayda devreye giren Bodrum \u0130l\u00e7e Emniyet M\u00fcd\u00fcrl\u00fc\u011f\u00fc\u2019ne ba\u011fl\u0131 motosikletli trafik polisleri, \u00f6\u011frenciyi s\u0131navdan \u00f6nce son anda salona yeti\u015ftirdi.<\/p>\n<p>Olay, AYT s\u0131nav\u0131 \u00f6ncesinde \u00c7\u0131rkan Mahallesi\u2019ndeki \u015eehit T\u00fcrkmen Tekin Anadolu \u0130mam Hatip Lisesi \u00f6n\u00fcnde meydana geldi. Edinilen bilgiye g\u00f6re, s\u0131nava kat\u0131lmak i\u00e7in G\u00fcndo\u011fan Mahallesi\u2019ndeki evinden \u00e7\u0131kan C.K., s\u0131nav yerine ula\u015ft\u0131\u011f\u0131nda kimli\u011fini evde unuttu\u011funu fark etti. B\u00fcy\u00fck panik ya\u015fayan \u00f6\u011frenciye, \u00e7evredeki vatanda\u015flar\u0131n da deste\u011fiyle motosikletli trafik polisleri yard\u0131m etti.<\/p>\n<p>Polisten zamanla yar\u0131\u015f<br \/>\n<br \/>Vakit kaybetmeden harekete ge\u00e7en trafik ekipleri, C.K.\u2019y\u0131 n\u00fcfus m\u00fcd\u00fcrl\u00fc\u011f\u00fcne g\u00f6t\u00fcrerek ge\u00e7ici kimlik belgesi \u00e7\u0131kart\u0131lmas\u0131n\u0131 sa\u011flad\u0131. \u0130\u015flemlerin tamamlanmas\u0131n\u0131n ard\u0131ndan yeniden s\u0131nav merkezine getirilen C.K., son anda s\u0131nav salonuna yeti\u015fti.<\/p>\n<p>\u00d6\u011frenci, yard\u0131mlar\u0131 i\u00e7in polis ekiplerine te\u015fekk\u00fcr ederken, \u00e7evrede bulunan vatanda\u015flar da polislerin duyarl\u0131l\u0131\u011f\u0131n\u0131 takdir etti.<br \/><\/p>\n","protected":false},"excerpt":{"rendered":"<p>Mu\u011fla\u2019n\u0131n Bodrum il\u00e7esinde AYT s\u0131nav\u0131na girmek i\u00e7in evinden \u00e7\u0131kan bir \u00f6\u011frenci, kimli\u011fini unuttu\u011funu s\u0131nav binas\u0131 \u00f6n\u00fcne geldi\u011finde fark etti. Dakikalarla yar\u0131\u015f\u0131lan olayda devreye giren Bodrum \u0130l\u00e7e Emniyet M\u00fcd\u00fcrl\u00fc\u011f\u00fc\u2019ne ba\u011fl\u0131 motosikletli trafik polisleri, \u00f6\u011frenciyi s\u0131navdan \u00f6nce son anda salona yeti\u015ftirdi. Olay, AYT s\u0131nav\u0131 \u00f6ncesinde \u00c7\u0131rkan Mahallesi\u2019ndeki \u015eehit T\u00fcrkmen Tekin Anadolu \u0130mam Hatip Lisesi \u00f6n\u00fcnde meydana geldi&#8230;.<\/p>\n","protected":false},"author":1,"featured_media":36948,"comment_status":"open","ping_status":"open","sticky":false,"template":"","format":"standard","meta":{"_crdt_document":"","footnotes":""},"categories":[5],"tags":[],"class_list":["post-36947","post","type-post","status-publish","format-standard","has-post-thumbnail","hentry","category-asayis"],"_links":{"self":[{"href":"https:\/\/www.egemtv.com\/index.php?rest_route=\/wp\/v2\/posts\/36947","targetHints":{"allow":["GET"]}}],"collection":[{"href":"https:\/\/www.egemtv.com\/index.php?rest_route=\/wp\/v2\/posts"}],"about":[{"href":"https:\/\/www.egemtv.com\/index.php?rest_route=\/wp\/v2\/types\/post"}],"author":[{"embeddable":true,"href":"https:\/\/www.egemtv.com\/index.php?rest_route=\/wp\/v2\/users\/1"}],"replies":[{"embeddable":true,"href":"https:\/\/www.egemtv.com\/index.php?rest_route=%2Fwp%2Fv2%2Fcomments&post=36947"}],"version-history":[{"count":1,"href":"https:\/\/www.egemtv.com\/index.php?rest_route=\/wp\/v2\/posts\/36947\/revisions"}],"predecessor-version":[{"id":36949,"href":"https:\/\/www.egemtv.com\/index.php?rest_route=\/wp\/v2\/posts\/36947\/revisions\/36949"}],"wp:featuredmedia":[{"embeddable":true,"href":"https:\/\/www.egemtv.com\/index.php?rest_route=\/wp\/v2\/media\/36948"}],"wp:attachment":[{"href":"https:\/\/www.egemtv.com\/index.php?rest_route=%2Fwp%2Fv2%2Fmedia&parent=36947"}],"wp:term":[{"taxonomy":"category","embeddable":true,"href":"https:\/\/www.egemtv.com\/index.php?rest_route=%2Fwp%2Fv2%2Fcategories&post=36947"},{"taxonomy":"post_tag","embeddable":true,"href":"https:\/\/www.egemtv.com\/index.php?rest_route=%2Fwp%2Fv2%2Ftags&post=36947"}],"curies":[{"name":"wp","href":"https:\/\/api.w.org\/{rel}","templated":true}]}}