{"id":36944,"date":"2025-06-22T11:36:18","date_gmt":"2025-06-22T08:36:18","guid":{"rendered":"https:\/\/www.egemtv.com\/?p=36944"},"modified":"2025-06-22T11:36:22","modified_gmt":"2025-06-22T08:36:22","slug":"baskan-ozelden-ogrencilere-karne-hediyesi","status":"publish","type":"post","link":"https:\/\/www.egemtv.com\/?p=36944","title":{"rendered":"Ba\u015fkan \u00d6zel\u2019den \u00f6\u011frencilere karne hediyesi"},"content":{"rendered":"<p>Bozdo\u011fan Belediye Ba\u015fkan\u0131 Mustafa Galip \u00d6zel, il\u00e7ede karne alan yakla\u015f\u0131k 5 bin \u00f6\u011frenciye unutulmaz bir yaz ba\u015flang\u0131c\u0131 arma\u011fan ediyor.<\/p>\n<p>Bozdo\u011fan\u2019da ge\u00e7ti\u011fimiz y\u0131l yap\u0131lan Bahar \u015fenli\u011fi etkinli\u011fi bu y\u0131l ilk kez t\u00fcm mahalleleri de kapsayacak \u015fekilde geni\u015fletildi. Bozdo\u011fan Belediyesi taraf\u0131ndan haz\u0131rlanan program kapsam\u0131nda her g\u00fcn farkl\u0131 bir mahallede \u00e7ocuklar i\u00e7in kayd\u0131rak, z\u0131p z\u0131p, top havuzu, palya\u00e7olar, dans g\u00f6sterileri, e\u011fitici-\u00f6\u011fretici at\u00f6lyeler ve ak\u015fam a\u00e7\u0131k hava sinemas\u0131 gibi bir\u00e7ok e\u011flenceli etkinlik yer alacak. Etkinliklerin ger\u00e7ekle\u015ftirilece\u011fi mahallelerdeki sosyal tesisler \u00e7ocuklar\u0131n e\u011flence dura\u011f\u0131 haline gelecek. Ayr\u0131ca \u00e7evre mahallelerden etkinli\u011fin yap\u0131laca\u011f\u0131 mahalleye ula\u015f\u0131m da sa\u011flanacak.<\/p>\n<p>\u0130lk dura\u011f\u0131 \u00d6rt\u00fcl\u00fc Mahallesi<br \/>\n<br \/>Karne \u015fenli\u011fi etkinliklerinin ilk aya\u011f\u0131 24 Haziran Pazartesi g\u00fcn\u00fc T\u00fct\u00fcnc\u00fcler, Konakl\u0131, Ba\u015falan, K\u0131z\u0131ltepe ve G\u00fcneyyaka mahallelerinde ya\u015fayan \u00e7ocuklar i\u00e7in \u00d6rt\u00fcl\u00fc Mahallesi\u2019nde d\u00fczenlenecek. Etkinlikler 15 g\u00fcn boyunca farkl\u0131 mahallelerde devam edecek.<\/p>\n<p>Ba\u015fkan Galip \u00d6zel: &#8220;Her \u00e7ocuk e\u011flenmeyi ve kutlanmay\u0131 hak ediyor&#8221;<br \/>\n<br \/>Bozdo\u011fan Belediye Ba\u015fkan\u0131 Mustafa Galip \u00d6zel, &#8220;\u00c7ocuklar\u0131m\u0131z bir e\u011fitim \u00f6\u011fretim y\u0131l\u0131n\u0131 daha ba\u015far\u0131yla tamamlad\u0131. Onlar\u0131n bu gayretlerini sadece merkezde de\u011fil t\u00fcm mahallelerimizde \u00f6d\u00fcllendirmek istedik. Her \u00e7ocu\u011fun e\u011flenmeye, kutlanmaya ve de\u011fer g\u00f6rmeye hakk\u0131 var. Mahalle mahalle dola\u015farak t\u00fcm \u00e7ocuklar\u0131m\u0131zla bir araya gelece\u011fiz, hem onlar\u0131 e\u011flendirece\u011fiz hem de onlar\u0131n mutlulu\u011funu payla\u015faca\u011f\u0131z. Bozdo\u011fan Belediyesi olarak \u00e7ocuklar\u0131m\u0131z\u0131n y\u00fcz\u00fcndeki tebess\u00fcm, bizim i\u00e7in en b\u00fcy\u00fck motivasyondur&#8221; dedi.<br \/><\/p>\n","protected":false},"excerpt":{"rendered":"<p>Bozdo\u011fan Belediye Ba\u015fkan\u0131 Mustafa Galip \u00d6zel, il\u00e7ede karne alan yakla\u015f\u0131k 5 bin \u00f6\u011frenciye unutulmaz bir yaz ba\u015flang\u0131c\u0131 arma\u011fan ediyor. Bozdo\u011fan\u2019da ge\u00e7ti\u011fimiz y\u0131l yap\u0131lan Bahar \u015fenli\u011fi etkinli\u011fi bu y\u0131l ilk kez t\u00fcm mahalleleri de kapsayacak \u015fekilde geni\u015fletildi. Bozdo\u011fan Belediyesi taraf\u0131ndan haz\u0131rlanan program kapsam\u0131nda her g\u00fcn farkl\u0131 bir mahallede \u00e7ocuklar i\u00e7in kayd\u0131rak, z\u0131p z\u0131p, top havuzu, palya\u00e7olar,&#8230;<\/p>\n","protected":false},"author":1,"featured_media":36945,"comment_status":"open","ping_status":"open","sticky":false,"template":"","format":"standard","meta":{"_crdt_document":"","footnotes":""},"categories":[1],"tags":[],"class_list":["post-36944","post","type-post","status-publish","format-standard","has-post-thumbnail","hentry","category-guncel"],"_links":{"self":[{"href":"https:\/\/www.egemtv.com\/index.php?rest_route=\/wp\/v2\/posts\/36944","targetHints":{"allow":["GET"]}}],"collection":[{"href":"https:\/\/www.egemtv.com\/index.php?rest_route=\/wp\/v2\/posts"}],"about":[{"href":"https:\/\/www.egemtv.com\/index.php?rest_route=\/wp\/v2\/types\/post"}],"author":[{"embeddable":true,"href":"https:\/\/www.egemtv.com\/index.php?rest_route=\/wp\/v2\/users\/1"}],"replies":[{"embeddable":true,"href":"https:\/\/www.egemtv.com\/index.php?rest_route=%2Fwp%2Fv2%2Fcomments&post=36944"}],"version-history":[{"count":1,"href":"https:\/\/www.egemtv.com\/index.php?rest_route=\/wp\/v2\/posts\/36944\/revisions"}],"predecessor-version":[{"id":36946,"href":"https:\/\/www.egemtv.com\/index.php?rest_route=\/wp\/v2\/posts\/36944\/revisions\/36946"}],"wp:featuredmedia":[{"embeddable":true,"href":"https:\/\/www.egemtv.com\/index.php?rest_route=\/wp\/v2\/media\/36945"}],"wp:attachment":[{"href":"https:\/\/www.egemtv.com\/index.php?rest_route=%2Fwp%2Fv2%2Fmedia&parent=36944"}],"wp:term":[{"taxonomy":"category","embeddable":true,"href":"https:\/\/www.egemtv.com\/index.php?rest_route=%2Fwp%2Fv2%2Fcategories&post=36944"},{"taxonomy":"post_tag","embeddable":true,"href":"https:\/\/www.egemtv.com\/index.php?rest_route=%2Fwp%2Fv2%2Ftags&post=36944"}],"curies":[{"name":"wp","href":"https:\/\/api.w.org\/{rel}","templated":true}]}}