{"id":36941,"date":"2025-06-22T11:36:14","date_gmt":"2025-06-22T08:36:14","guid":{"rendered":"https:\/\/www.egemtv.com\/?p=36941"},"modified":"2025-06-22T11:36:18","modified_gmt":"2025-06-22T08:36:18","slug":"emet-ilcesi-dereli-kaplicalari-bolgede-az-rastlanir-sifali-sulara-sahip","status":"publish","type":"post","link":"https:\/\/www.egemtv.com\/?p=36941","title":{"rendered":"Emet il\u00e7esi Dereli Kapl\u0131calar\u0131 b\u00f6lgede az rastlan\u0131r \u015fifal\u0131 sulara sahip"},"content":{"rendered":"<p>K\u00fctahya\u2019n\u0131n Emet il\u00e7esine ba\u011fl\u0131 Dereli Kapl\u0131acalar\u0131\u2019nda sezon h\u0131zl\u0131 ba\u015flad\u0131. \u015eifal\u0131 termal suyu, f\u0131r\u0131n\u0131 ve a\u00e7\u0131k havuzuyla ba\u015fta en yak\u0131n il\u00e7e Tav\u015fanl\u0131 halk\u0131n\u0131n \u00f6zellikle hafta sonlar\u0131 ak\u0131n etti\u011fi Dereli Kapl\u0131calar\u0131\u2019nda hizmet kalitesinin artt\u0131r\u0131lmas\u0131na y\u00f6nelik \u00e7al\u0131\u015fmalar devam ediyor.<br \/>\n<br \/>K\u00fctahya \u00d6zel \u0130dare M\u00fcd\u00fcrl\u00fc\u011f\u00fc denetiminde G\u00fcnl\u00fcce K\u00f6y\u00fc Muhtarl\u0131\u011f\u0131n\u0131n i\u015fletti\u011fi tesisler elden ge\u00e7irildi. Yeni \u00f6zel banyolar\u0131 ve yenilenen \u00e7ehresi ile bu yaz Dereli Kap\u0131lcalar\u0131 daha reva\u00e7ta. Kapl\u0131calarda ayr\u0131ca \u00e7ad\u0131r kamp alan\u0131 da var. Suyunun \u015fifas\u0131 buray\u0131 b\u00f6lgede cazip hale getiriyor. \u00c7e\u015fitli eklem a\u011fr\u0131lar\u0131na, romatizmal baz\u0131 hastal\u0131klara, nevrit, k\u0131r\u0131k \u00e7\u0131k\u0131k, dokusal a\u011fr\u0131lar, sinir iltihab\u0131, kad\u0131n hastal\u0131klar\u0131 gibi hastal\u0131klara iyi geldi\u011fi belirtiliyor.<br \/><\/p>\n","protected":false},"excerpt":{"rendered":"<p>K\u00fctahya\u2019n\u0131n Emet il\u00e7esine ba\u011fl\u0131 Dereli Kapl\u0131acalar\u0131\u2019nda sezon h\u0131zl\u0131 ba\u015flad\u0131. \u015eifal\u0131 termal suyu, f\u0131r\u0131n\u0131 ve a\u00e7\u0131k havuzuyla ba\u015fta en yak\u0131n il\u00e7e Tav\u015fanl\u0131 halk\u0131n\u0131n \u00f6zellikle hafta sonlar\u0131 ak\u0131n etti\u011fi Dereli Kapl\u0131calar\u0131\u2019nda hizmet kalitesinin artt\u0131r\u0131lmas\u0131na y\u00f6nelik \u00e7al\u0131\u015fmalar devam ediyor. K\u00fctahya \u00d6zel \u0130dare M\u00fcd\u00fcrl\u00fc\u011f\u00fc denetiminde G\u00fcnl\u00fcce K\u00f6y\u00fc Muhtarl\u0131\u011f\u0131n\u0131n i\u015fletti\u011fi tesisler elden ge\u00e7irildi. Yeni \u00f6zel banyolar\u0131 ve yenilenen \u00e7ehresi ile&#8230;<\/p>\n","protected":false},"author":1,"featured_media":36942,"comment_status":"open","ping_status":"open","sticky":false,"template":"","format":"standard","meta":{"_crdt_document":"","footnotes":""},"categories":[2],"tags":[],"class_list":["post-36941","post","type-post","status-publish","format-standard","has-post-thumbnail","hentry","category-saglik"],"_links":{"self":[{"href":"https:\/\/www.egemtv.com\/index.php?rest_route=\/wp\/v2\/posts\/36941","targetHints":{"allow":["GET"]}}],"collection":[{"href":"https:\/\/www.egemtv.com\/index.php?rest_route=\/wp\/v2\/posts"}],"about":[{"href":"https:\/\/www.egemtv.com\/index.php?rest_route=\/wp\/v2\/types\/post"}],"author":[{"embeddable":true,"href":"https:\/\/www.egemtv.com\/index.php?rest_route=\/wp\/v2\/users\/1"}],"replies":[{"embeddable":true,"href":"https:\/\/www.egemtv.com\/index.php?rest_route=%2Fwp%2Fv2%2Fcomments&post=36941"}],"version-history":[{"count":1,"href":"https:\/\/www.egemtv.com\/index.php?rest_route=\/wp\/v2\/posts\/36941\/revisions"}],"predecessor-version":[{"id":36943,"href":"https:\/\/www.egemtv.com\/index.php?rest_route=\/wp\/v2\/posts\/36941\/revisions\/36943"}],"wp:featuredmedia":[{"embeddable":true,"href":"https:\/\/www.egemtv.com\/index.php?rest_route=\/wp\/v2\/media\/36942"}],"wp:attachment":[{"href":"https:\/\/www.egemtv.com\/index.php?rest_route=%2Fwp%2Fv2%2Fmedia&parent=36941"}],"wp:term":[{"taxonomy":"category","embeddable":true,"href":"https:\/\/www.egemtv.com\/index.php?rest_route=%2Fwp%2Fv2%2Fcategories&post=36941"},{"taxonomy":"post_tag","embeddable":true,"href":"https:\/\/www.egemtv.com\/index.php?rest_route=%2Fwp%2Fv2%2Ftags&post=36941"}],"curies":[{"name":"wp","href":"https:\/\/api.w.org\/{rel}","templated":true}]}}