{"id":36938,"date":"2025-06-22T11:36:09","date_gmt":"2025-06-22T08:36:09","guid":{"rendered":"https:\/\/www.egemtv.com\/?p=36938"},"modified":"2025-06-22T11:36:14","modified_gmt":"2025-06-22T08:36:14","slug":"chp-lideri-ozel-baskan-zeyrekin-kizini-yksnin-ikinci-oturumunda-da-yalniz-birakmadi","status":"publish","type":"post","link":"https:\/\/www.egemtv.com\/?p=36938","title":{"rendered":"CHP lideri \u00d6zel, Ba\u015fkan Zeyrek\u2019in k\u0131z\u0131n\u0131 YKS\u2019nin ikinci oturumunda da yaln\u0131z b\u0131rakmad\u0131"},"content":{"rendered":"<p>Cumhuriyet Halk Partisi (CHP) Genel Ba\u015fkan\u0131 \u00d6zg\u00fcr \u00d6zel, elektrik ak\u0131m\u0131na kap\u0131larak hayat\u0131n\u0131 kaybeden Manisa B\u00fcy\u00fck\u015fehir Belediye Ba\u015fkan\u0131 Ferdi Zeyrek\u2019in k\u0131z\u0131n\u0131 YKS\u2019nin ikinci oturumunda da yaln\u0131z b\u0131rakmad\u0131.<br \/>\n<br \/>Y\u00fcksek\u00f6\u011fretim Kurumlar\u0131 S\u0131nav\u0131\u2019n\u0131n (YKS) ikinci oturumu olan Alan Yeterlilik Testleri (AYT) s\u0131nav\u0131nda ter d\u00f6ken Nehir Zeyrek, Yunusemre il\u00e7esindeki Borsa \u0130stanbul Mesleki ve Teknik Anadolu Lisesi\u2019ndeki s\u0131nav salonuna annesi Nurcan Zeyrek ve Genel Ba\u015fkan \u00d6zg\u00fcr \u00d6zel\u2019le birlikte geldi.<br \/>\n<br \/>\u00d6zel, okul giri\u015fine kadar birlikte y\u00fcr\u00fcd\u00fc\u011f\u00fc Nehir Zeyrek\u2019e moral veren \u00d6zel, okul \u00f6n\u00fcnde \u00e7ocuklar\u0131n\u0131 bekleyen velilerle de bir araya gelerek, ba\u015far\u0131lar diledi. Bir s\u00fcre burada s\u0131nav\u0131n ba\u015flamas\u0131n\u0131 bekleyen \u00d6zel ve Ba\u015fkan Zeyrek\u2019in e\u015fi Nurcan Zeyrek, s\u0131nav\u0131n ba\u015flamas\u0131 sonras\u0131 okuldan ayr\u0131ld\u0131.<br \/><\/p>\n","protected":false},"excerpt":{"rendered":"<p>Cumhuriyet Halk Partisi (CHP) Genel Ba\u015fkan\u0131 \u00d6zg\u00fcr \u00d6zel, elektrik ak\u0131m\u0131na kap\u0131larak hayat\u0131n\u0131 kaybeden Manisa B\u00fcy\u00fck\u015fehir Belediye Ba\u015fkan\u0131 Ferdi Zeyrek\u2019in k\u0131z\u0131n\u0131 YKS\u2019nin ikinci oturumunda da yaln\u0131z b\u0131rakmad\u0131. Y\u00fcksek\u00f6\u011fretim Kurumlar\u0131 S\u0131nav\u0131\u2019n\u0131n (YKS) ikinci oturumu olan Alan Yeterlilik Testleri (AYT) s\u0131nav\u0131nda ter d\u00f6ken Nehir Zeyrek, Yunusemre il\u00e7esindeki Borsa \u0130stanbul Mesleki ve Teknik Anadolu Lisesi\u2019ndeki s\u0131nav salonuna annesi Nurcan&#8230;<\/p>\n","protected":false},"author":1,"featured_media":36939,"comment_status":"open","ping_status":"open","sticky":false,"template":"","format":"standard","meta":{"_crdt_document":"","footnotes":""},"categories":[1],"tags":[],"class_list":["post-36938","post","type-post","status-publish","format-standard","has-post-thumbnail","hentry","category-guncel"],"_links":{"self":[{"href":"https:\/\/www.egemtv.com\/index.php?rest_route=\/wp\/v2\/posts\/36938","targetHints":{"allow":["GET"]}}],"collection":[{"href":"https:\/\/www.egemtv.com\/index.php?rest_route=\/wp\/v2\/posts"}],"about":[{"href":"https:\/\/www.egemtv.com\/index.php?rest_route=\/wp\/v2\/types\/post"}],"author":[{"embeddable":true,"href":"https:\/\/www.egemtv.com\/index.php?rest_route=\/wp\/v2\/users\/1"}],"replies":[{"embeddable":true,"href":"https:\/\/www.egemtv.com\/index.php?rest_route=%2Fwp%2Fv2%2Fcomments&post=36938"}],"version-history":[{"count":1,"href":"https:\/\/www.egemtv.com\/index.php?rest_route=\/wp\/v2\/posts\/36938\/revisions"}],"predecessor-version":[{"id":36940,"href":"https:\/\/www.egemtv.com\/index.php?rest_route=\/wp\/v2\/posts\/36938\/revisions\/36940"}],"wp:featuredmedia":[{"embeddable":true,"href":"https:\/\/www.egemtv.com\/index.php?rest_route=\/wp\/v2\/media\/36939"}],"wp:attachment":[{"href":"https:\/\/www.egemtv.com\/index.php?rest_route=%2Fwp%2Fv2%2Fmedia&parent=36938"}],"wp:term":[{"taxonomy":"category","embeddable":true,"href":"https:\/\/www.egemtv.com\/index.php?rest_route=%2Fwp%2Fv2%2Fcategories&post=36938"},{"taxonomy":"post_tag","embeddable":true,"href":"https:\/\/www.egemtv.com\/index.php?rest_route=%2Fwp%2Fv2%2Ftags&post=36938"}],"curies":[{"name":"wp","href":"https:\/\/api.w.org\/{rel}","templated":true}]}}