{"id":36935,"date":"2025-06-22T10:56:53","date_gmt":"2025-06-22T07:56:53","guid":{"rendered":"https:\/\/www.egemtv.com\/?p=36935"},"modified":"2025-06-22T10:57:00","modified_gmt":"2025-06-22T07:57:00","slug":"aliaga-fknin-yeni-golcusu-ibrahim-yilmaz-hedefimiz-sampiyonluk","status":"publish","type":"post","link":"https:\/\/www.egemtv.com\/?p=36935","title":{"rendered":"Alia\u011fa FK\u2019n\u0131n yeni golc\u00fcs\u00fc \u0130brahim Y\u0131lmaz: &#8220;Hedefimiz \u015eampiyonluk&#8221;"},"content":{"rendered":"<p>Bu sezon TFF 2. Lig\u2019de m\u00fccadele edecek Alia\u011fa FK\u2019da yeni transfer \u0130brahim Y\u0131lmaz, iddial\u0131 a\u00e7\u0131klamalarda bulunarak, &#8220;Alia\u011fa FK\u2019ya geldi\u011fim i\u00e7in mutluyum. Burada tam bir aile ortam\u0131 var. Benim i\u00e7in de yeni bir ser\u00fcven ba\u015fl\u0131yor. Hedefimizi \u015fampiyonluk olarak belirledik&#8221; diye konu\u015ftu.<br \/>\n<br \/>TFF 2. Lig K\u0131rm\u0131z\u0131 Grup ekiplerinden Alia\u011fa FK, yeni sezona iddial\u0131 bir giri\u015f yaparak \u00f6nemli takviyeler ger\u00e7ekle\u015ftirdi. \u0130zmir ekibi, \u015fu ana kadar \u0130brahim Y\u0131lmaz, G\u00f6ktu\u011f Y\u0131lmaz, Mertcan A\u00e7\u0131kg\u00f6z, Ahmet \u0130lhan \u00d6zek ve Sergen Pi\u00e7inciol\u2019u kadrosuna katt\u0131. Yeni transferlerden forvet oyuncusu \u0130brahim Y\u0131lmaz \u00f6nemli a\u00e7\u0131klamalarda bulundu. Alia\u011fa FK\u2019ya geldi\u011fi i\u00e7in mutlu oldu\u011funu ve tak\u0131mda tam bir aile ortam\u0131n\u0131n oldu\u011funu ifade eden Y\u0131lmaz, &#8220;Benim i\u00e7in yeni bir ser\u00fcven ba\u015fl\u0131yor. Hedefimizi \u015fampiyonluk olarak belirledik. Gol krall\u0131\u011f\u0131 yar\u0131\u015f\u0131nda da zirveye oynamak istiyorum. Ge\u00e7ti\u011fimiz sezon 15 gol kaydettim. Bu sezon da ataca\u011f\u0131m goller ve yapaca\u011f\u0131m asistlerle tak\u0131m\u0131m\u0131za katk\u0131 sa\u011flamak istiyorum. Sahada g\u00f6sterece\u011fimiz m\u00fccadele ile ba\u015far\u0131l\u0131 bir sezon ya\u015famay\u0131 hedefliyoruz&#8221; \u015feklinde konu\u015ftu.<br \/>\n<br \/>\u00d6te yandan 31 ya\u015f\u0131ndaki deneyimli forvet, S\u00fcper Lig\u2019de 33, TFF 1.Lig\u2019de 193, TFF 2. Lig\u2019de 80, TFF 3.Lig\u2019de ise 66 kar\u015f\u0131la\u015fmada forma giydi. Milli Tak\u0131m alt ya\u015f kategorilerinde 68 kez m\u00fccadele eden Y\u0131lmaz, kariyerinde 156 gol kaydetti.<br \/><\/p>\n","protected":false},"excerpt":{"rendered":"<p>Bu sezon TFF 2. Lig\u2019de m\u00fccadele edecek Alia\u011fa FK\u2019da yeni transfer \u0130brahim Y\u0131lmaz, iddial\u0131 a\u00e7\u0131klamalarda bulunarak, &#8220;Alia\u011fa FK\u2019ya geldi\u011fim i\u00e7in mutluyum. Burada tam bir aile ortam\u0131 var. Benim i\u00e7in de yeni bir ser\u00fcven ba\u015fl\u0131yor. Hedefimizi \u015fampiyonluk olarak belirledik&#8221; diye konu\u015ftu. TFF 2. Lig K\u0131rm\u0131z\u0131 Grup ekiplerinden Alia\u011fa FK, yeni sezona iddial\u0131 bir giri\u015f yaparak \u00f6nemli&#8230;<\/p>\n","protected":false},"author":1,"featured_media":36936,"comment_status":"open","ping_status":"open","sticky":false,"template":"","format":"standard","meta":{"_crdt_document":"","footnotes":""},"categories":[4],"tags":[],"class_list":["post-36935","post","type-post","status-publish","format-standard","has-post-thumbnail","hentry","category-spor"],"_links":{"self":[{"href":"https:\/\/www.egemtv.com\/index.php?rest_route=\/wp\/v2\/posts\/36935","targetHints":{"allow":["GET"]}}],"collection":[{"href":"https:\/\/www.egemtv.com\/index.php?rest_route=\/wp\/v2\/posts"}],"about":[{"href":"https:\/\/www.egemtv.com\/index.php?rest_route=\/wp\/v2\/types\/post"}],"author":[{"embeddable":true,"href":"https:\/\/www.egemtv.com\/index.php?rest_route=\/wp\/v2\/users\/1"}],"replies":[{"embeddable":true,"href":"https:\/\/www.egemtv.com\/index.php?rest_route=%2Fwp%2Fv2%2Fcomments&post=36935"}],"version-history":[{"count":1,"href":"https:\/\/www.egemtv.com\/index.php?rest_route=\/wp\/v2\/posts\/36935\/revisions"}],"predecessor-version":[{"id":36937,"href":"https:\/\/www.egemtv.com\/index.php?rest_route=\/wp\/v2\/posts\/36935\/revisions\/36937"}],"wp:featuredmedia":[{"embeddable":true,"href":"https:\/\/www.egemtv.com\/index.php?rest_route=\/wp\/v2\/media\/36936"}],"wp:attachment":[{"href":"https:\/\/www.egemtv.com\/index.php?rest_route=%2Fwp%2Fv2%2Fmedia&parent=36935"}],"wp:term":[{"taxonomy":"category","embeddable":true,"href":"https:\/\/www.egemtv.com\/index.php?rest_route=%2Fwp%2Fv2%2Fcategories&post=36935"},{"taxonomy":"post_tag","embeddable":true,"href":"https:\/\/www.egemtv.com\/index.php?rest_route=%2Fwp%2Fv2%2Ftags&post=36935"}],"curies":[{"name":"wp","href":"https:\/\/api.w.org\/{rel}","templated":true}]}}