{"id":36932,"date":"2025-06-22T10:36:27","date_gmt":"2025-06-22T07:36:27","guid":{"rendered":"https:\/\/www.egemtv.com\/?p=36932"},"modified":"2025-06-22T10:36:31","modified_gmt":"2025-06-22T07:36:31","slug":"dijital-zorbaliga-yapay-zeka-destekli-engel","status":"publish","type":"post","link":"https:\/\/www.egemtv.com\/?p=36932","title":{"rendered":"Dijital zorbal\u0131\u011fa yapay zeka destekli engel"},"content":{"rendered":"<p>Ya\u015far \u00dcniversitesi Meslek Y\u00fcksekokulu Halkla \u0130li\u015fkiler ve Tan\u0131t\u0131m B\u00f6l\u00fcm\u00fc \u00f6\u011frencileri g\u00fcn\u00fcm\u00fcz\u00fcn en b\u00fcy\u00fck sorunlar\u0131ndan biri olan siber zorbal\u0131\u011fa kar\u015f\u0131 fark\u0131ndal\u0131k olu\u015fturmak ve engellemek i\u00e7in S\u0130BRA-Siber Radar Projesi haz\u0131rlad\u0131.<br \/>\n<br \/>Ya\u015far \u00dcniversitesi Meslek Y\u00fcksekokulu Halkla \u0130li\u015fkiler ve Tan\u0131t\u0131m B\u00f6l\u00fcm\u00fc \u00f6\u011frencileri Ecem \u00c7evik, \u0130zel Ert\u00fcrk, Sude Su Seval ve Melek Karata\u015f, Dr.\u00d6\u011fr.\u00dcyesi \u0130rem Paker\u2019in y\u00fcr\u00fctt\u00fc\u011f\u00fc Halkla \u0130li\u015fkilerde Proje Uygulama dersi kapsam\u0131nda siber zorbal\u0131\u011fa kar\u015f\u0131 haz\u0131rlad\u0131klar\u0131 proje ile ma\u011fdurlara hukuki ve psikolojik destek vermeyi hedefliyor.<br \/>\n<br \/>Dijital ortamda giderek artan siber zorbal\u0131\u011f\u0131n \u00f6zellikle gen\u00e7ler ve hassas gruplar i\u00e7in ciddi bir tehdit h\u00e2line geldi\u011fini belirten proje ekibi, &#8220;Mevcut \u015fik\u00e2yet ve destek sistemleri yetersiz. Ma\u011fdurlar genellikle yaln\u0131z kal\u0131yor. Bu nedenle h\u0131zl\u0131 m\u00fcdahale edebilen, g\u00fcvenilir, teknolojik altyap\u0131ya sahip bir destek sistemine duyulan ihtiya\u00e7 giderek art\u0131yor. S\u0130BRA projesinin bu soruna \u00e7\u00f6z\u00fcm olaca\u011f\u0131n\u0131 d\u00fc\u015f\u00fcn\u00fcyoruz&#8221; dedi.<\/p>\n<p>S\u0130BRA Kalkan\u0131<br \/>\n<br \/>S\u0130BRA &#8211; Siber Radar Derne\u011fi, dijital zorbal\u0131\u011fa kar\u015f\u0131 hukuki ve psikolojik destek sunan, yapay zeka destekli yenilik\u00e7i bir platform oldu\u011funu anlatan proje ekibi sistemin i\u015fleyi\u015fi hakk\u0131nda \u015fu bilgileri verdi: &#8220;#S\u0130BRA&#8221; etiketiyle \u00e7al\u0131\u015fan alarm sistemi, ekran g\u00f6r\u00fcnt\u00fcs\u00fc alarak durumu analiz eder ve uzmanlara y\u00f6nlendirir. Bu \u2019S\u0130BRA Kalkan\u0131\u2019 ile m\u00fcdahale h\u0131zl\u0131 ve eri\u015filebilir hale gelir. Sonras\u0131nda avukat a\u011f\u0131 ile g\u00f6n\u00fcll\u00fc hukuk\u00e7ular ma\u011fdura ula\u015f\u0131r, dava s\u00fcrecine rehberlik eder. Psikolojik destek grubu travma ve stres deste\u011fi sunar. Bildirimler kaydedilerek, analiz edilir. Yapay zeka i\u00e7erikleri s\u0131n\u0131fland\u0131r\u0131r, \u00f6nceliklendirir, etiket \u00f6nerir.&#8221;<br \/>\n<br \/>Ecem \u00c7evik, \u0130zel Ert\u00fcrk, Sude Su Seval ve Melek Karata\u015f g\u00fcncel bir soruna \u00e7\u00f6z\u00fcm bulmak i\u00e7in geli\u015ftirdikleri projeyi, Aile ve Sosyal Hizmetler Bakanl\u0131\u011f\u0131\u2019na ileterek hayata ge\u00e7irmeyi planl\u0131yor.<br \/><\/p>\n","protected":false},"excerpt":{"rendered":"<p>Ya\u015far \u00dcniversitesi Meslek Y\u00fcksekokulu Halkla \u0130li\u015fkiler ve Tan\u0131t\u0131m B\u00f6l\u00fcm\u00fc \u00f6\u011frencileri g\u00fcn\u00fcm\u00fcz\u00fcn en b\u00fcy\u00fck sorunlar\u0131ndan biri olan siber zorbal\u0131\u011fa kar\u015f\u0131 fark\u0131ndal\u0131k olu\u015fturmak ve engellemek i\u00e7in S\u0130BRA-Siber Radar Projesi haz\u0131rlad\u0131. Ya\u015far \u00dcniversitesi Meslek Y\u00fcksekokulu Halkla \u0130li\u015fkiler ve Tan\u0131t\u0131m B\u00f6l\u00fcm\u00fc \u00f6\u011frencileri Ecem \u00c7evik, \u0130zel Ert\u00fcrk, Sude Su Seval ve Melek Karata\u015f, Dr.\u00d6\u011fr.\u00dcyesi \u0130rem Paker\u2019in y\u00fcr\u00fctt\u00fc\u011f\u00fc Halkla \u0130li\u015fkilerde Proje&#8230;<\/p>\n","protected":false},"author":1,"featured_media":36933,"comment_status":"open","ping_status":"open","sticky":false,"template":"","format":"standard","meta":{"_crdt_document":"","footnotes":""},"categories":[124],"tags":[],"class_list":["post-36932","post","type-post","status-publish","format-standard","has-post-thumbnail","hentry","category-bilim"],"_links":{"self":[{"href":"https:\/\/www.egemtv.com\/index.php?rest_route=\/wp\/v2\/posts\/36932","targetHints":{"allow":["GET"]}}],"collection":[{"href":"https:\/\/www.egemtv.com\/index.php?rest_route=\/wp\/v2\/posts"}],"about":[{"href":"https:\/\/www.egemtv.com\/index.php?rest_route=\/wp\/v2\/types\/post"}],"author":[{"embeddable":true,"href":"https:\/\/www.egemtv.com\/index.php?rest_route=\/wp\/v2\/users\/1"}],"replies":[{"embeddable":true,"href":"https:\/\/www.egemtv.com\/index.php?rest_route=%2Fwp%2Fv2%2Fcomments&post=36932"}],"version-history":[{"count":1,"href":"https:\/\/www.egemtv.com\/index.php?rest_route=\/wp\/v2\/posts\/36932\/revisions"}],"predecessor-version":[{"id":36934,"href":"https:\/\/www.egemtv.com\/index.php?rest_route=\/wp\/v2\/posts\/36932\/revisions\/36934"}],"wp:featuredmedia":[{"embeddable":true,"href":"https:\/\/www.egemtv.com\/index.php?rest_route=\/wp\/v2\/media\/36933"}],"wp:attachment":[{"href":"https:\/\/www.egemtv.com\/index.php?rest_route=%2Fwp%2Fv2%2Fmedia&parent=36932"}],"wp:term":[{"taxonomy":"category","embeddable":true,"href":"https:\/\/www.egemtv.com\/index.php?rest_route=%2Fwp%2Fv2%2Fcategories&post=36932"},{"taxonomy":"post_tag","embeddable":true,"href":"https:\/\/www.egemtv.com\/index.php?rest_route=%2Fwp%2Fv2%2Ftags&post=36932"}],"curies":[{"name":"wp","href":"https:\/\/api.w.org\/{rel}","templated":true}]}}