{"id":36929,"date":"2025-06-22T10:36:23","date_gmt":"2025-06-22T07:36:23","guid":{"rendered":"https:\/\/www.egemtv.com\/?p=36929"},"modified":"2025-06-22T10:36:27","modified_gmt":"2025-06-22T07:36:27","slug":"emniyet-ekipleri-vatandaslari-dolandiriciliga-karsi-uyardi","status":"publish","type":"post","link":"https:\/\/www.egemtv.com\/?p=36929","title":{"rendered":"Emniyet ekipleri vatanda\u015flar\u0131 doland\u0131r\u0131c\u0131l\u0131\u011fa kar\u015f\u0131 uyard\u0131"},"content":{"rendered":"<p>Ayd\u0131n\u2019\u0131n Karacasu il\u00e7esinde, doland\u0131r\u0131c\u0131l\u0131k olaylar\u0131na kar\u015f\u0131 toplumsal fark\u0131ndal\u0131\u011f\u0131 art\u0131rmak amac\u0131yla \u0130l\u00e7e Emniyet Amirli\u011fi taraf\u0131ndan kapsaml\u0131 bir bilgilendirme \u00e7al\u0131\u015fmas\u0131 ger\u00e7ekle\u015ftirildi.<\/p>\n<p>Emniyet ekipleri, vatanda\u015flarla bire bir temas kurarak telefon ve internet doland\u0131r\u0131c\u0131l\u0131klar\u0131na kar\u015f\u0131 dikkatli olmalar\u0131 konusunda uyar\u0131larda bulundu. Yap\u0131lan bilgilendirme \u00e7al\u0131\u015fmalar\u0131 kapsam\u0131nda \u00e7ok say\u0131da bro\u015f\u00fcr de da\u011f\u0131t\u0131ld\u0131. Ekipler, \u00f6zellikle tan\u0131mad\u0131klar\u0131 numaralardan gelen aramalarda ki\u015fisel bilgi payla\u015f\u0131lmamas\u0131 gerekti\u011fini vurgularken, resmi olmayan ba\u011flant\u0131lara t\u0131klanmamas\u0131 konusunda da uyar\u0131da bulundu. \u015e\u00fcpheli durumlarda vatanda\u015flar\u0131n zaman kaybetmeden 112 Acil \u00c7a\u011fr\u0131 Merkezi\u2019ni aramalar\u0131 istendi.<\/p>\n<p>Karacasu \u0130l\u00e7e Emniyet Amirli\u011fi yetkilileri doland\u0131r\u0131c\u0131l\u0131kla m\u00fccadelenin ancak vatanda\u015flar\u0131n bilin\u00e7lenmesiyle m\u00fcmk\u00fcn olaca\u011f\u0131n\u0131 belirterek, bu t\u00fcr fark\u0131ndal\u0131k \u00e7al\u0131\u015fmalar\u0131n\u0131n aral\u0131ks\u0131z devam edece\u011fini ifade etti.<br \/><\/p>\n","protected":false},"excerpt":{"rendered":"<p>Ayd\u0131n\u2019\u0131n Karacasu il\u00e7esinde, doland\u0131r\u0131c\u0131l\u0131k olaylar\u0131na kar\u015f\u0131 toplumsal fark\u0131ndal\u0131\u011f\u0131 art\u0131rmak amac\u0131yla \u0130l\u00e7e Emniyet Amirli\u011fi taraf\u0131ndan kapsaml\u0131 bir bilgilendirme \u00e7al\u0131\u015fmas\u0131 ger\u00e7ekle\u015ftirildi. Emniyet ekipleri, vatanda\u015flarla bire bir temas kurarak telefon ve internet doland\u0131r\u0131c\u0131l\u0131klar\u0131na kar\u015f\u0131 dikkatli olmalar\u0131 konusunda uyar\u0131larda bulundu. Yap\u0131lan bilgilendirme \u00e7al\u0131\u015fmalar\u0131 kapsam\u0131nda \u00e7ok say\u0131da bro\u015f\u00fcr de da\u011f\u0131t\u0131ld\u0131. Ekipler, \u00f6zellikle tan\u0131mad\u0131klar\u0131 numaralardan gelen aramalarda ki\u015fisel bilgi payla\u015f\u0131lmamas\u0131 gerekti\u011fini&#8230;<\/p>\n","protected":false},"author":1,"featured_media":36930,"comment_status":"open","ping_status":"open","sticky":false,"template":"","format":"standard","meta":{"_crdt_document":"","footnotes":""},"categories":[1],"tags":[],"class_list":["post-36929","post","type-post","status-publish","format-standard","has-post-thumbnail","hentry","category-guncel"],"_links":{"self":[{"href":"https:\/\/www.egemtv.com\/index.php?rest_route=\/wp\/v2\/posts\/36929","targetHints":{"allow":["GET"]}}],"collection":[{"href":"https:\/\/www.egemtv.com\/index.php?rest_route=\/wp\/v2\/posts"}],"about":[{"href":"https:\/\/www.egemtv.com\/index.php?rest_route=\/wp\/v2\/types\/post"}],"author":[{"embeddable":true,"href":"https:\/\/www.egemtv.com\/index.php?rest_route=\/wp\/v2\/users\/1"}],"replies":[{"embeddable":true,"href":"https:\/\/www.egemtv.com\/index.php?rest_route=%2Fwp%2Fv2%2Fcomments&post=36929"}],"version-history":[{"count":1,"href":"https:\/\/www.egemtv.com\/index.php?rest_route=\/wp\/v2\/posts\/36929\/revisions"}],"predecessor-version":[{"id":36931,"href":"https:\/\/www.egemtv.com\/index.php?rest_route=\/wp\/v2\/posts\/36929\/revisions\/36931"}],"wp:featuredmedia":[{"embeddable":true,"href":"https:\/\/www.egemtv.com\/index.php?rest_route=\/wp\/v2\/media\/36930"}],"wp:attachment":[{"href":"https:\/\/www.egemtv.com\/index.php?rest_route=%2Fwp%2Fv2%2Fmedia&parent=36929"}],"wp:term":[{"taxonomy":"category","embeddable":true,"href":"https:\/\/www.egemtv.com\/index.php?rest_route=%2Fwp%2Fv2%2Fcategories&post=36929"},{"taxonomy":"post_tag","embeddable":true,"href":"https:\/\/www.egemtv.com\/index.php?rest_route=%2Fwp%2Fv2%2Ftags&post=36929"}],"curies":[{"name":"wp","href":"https:\/\/api.w.org\/{rel}","templated":true}]}}