{"id":36926,"date":"2025-06-22T10:36:21","date_gmt":"2025-06-22T07:36:21","guid":{"rendered":"https:\/\/www.egemtv.com\/?p=36926"},"modified":"2025-06-22T10:36:23","modified_gmt":"2025-06-22T07:36:23","slug":"otobuste-tesetturlu-kadina-hakaret-arbede-yasandi","status":"publish","type":"post","link":"https:\/\/www.egemtv.com\/?p=36926","title":{"rendered":"Otob\u00fcste tesett\u00fcrl\u00fc kad\u0131na hakaret: Arbede ya\u015fand\u0131"},"content":{"rendered":"<p>Denizli\u2019de 2 ya\u015f\u0131ndaki k\u0131z\u0131yla birlikte halk otob\u00fcs\u00fcne binen tesett\u00fcrl\u00fc kad\u0131n, bir ba\u015fka kad\u0131n\u0131n hakaret ve sinkafl\u0131 k\u00fcf\u00fcrlerine maruz kald\u0131. Hakaretlerin ard\u0131ndan arbede ya\u015fand\u0131.<br \/>\n<br \/>Olay, Merkezefendi il\u00e7esi Akkonak Mahallesi\u2019nde meydana geldi. Edinilen bilgilere g\u00f6re, Denizli B\u00fcy\u00fck\u015fehir Belediyesi\u2019ne ait Denizli Valili\u011fi-Gerzele Mahallesi g\u00fczergah\u0131nda \u00e7al\u0131\u015fan 540 nolu hat otob\u00fcs\u00fcne, Akkonak Park\u0131 dura\u011f\u0131ndan yan\u0131ndaki 2 ya\u015f\u0131ndaki k\u0131z\u0131 ile binen tesett\u00fcrl\u00fc ad\u0131n, daha yerine oturmadan otob\u00fcste bulunan bir ba\u015fka kad\u0131n taraf\u0131ndan s\u00f6zl\u00fc sald\u0131r\u0131ya u\u011frad\u0131. Kad\u0131n t\u00fcm uyar\u0131lara ra\u011fmen sald\u0131rgan tavr\u0131na devam ederek, &#8220;Defolun gidin lan buradan. Siz kimsiniz? \u00c7\u0131kar\u0131n bunu buradan&#8221; s\u00f6zleriyle hakaretlerini s\u00fcrd\u00fcr\u00fcnce arbede ya\u015fand\u0131. Kad\u0131nlar otob\u00fcstekiler taraf\u0131ndan ayr\u0131l\u0131rken tesett\u00fcrl\u00fc kad\u0131n\u0131n 2 ya\u015f\u0131ndaki minik k\u0131z\u0131 g\u00f6zya\u015flar\u0131na bo\u011fuldu. A\u011flayan \u00e7ocu\u011fu di\u011fer yolcular sakinle\u015ftirmeye \u00e7al\u0131\u015ft\u0131.<\/p>\n<p>&#8220;Kapal\u0131 kad\u0131n\u0131n yan\u0131nda 2 ya\u015flar\u0131nda k\u00fc\u00e7\u00fck k\u0131z \u00e7ocu\u011fu vard\u0131, travma ya\u015fad\u0131&#8221;<br \/>\n<br \/>Otob\u00fcsteki vatanda\u015flar iki kad\u0131n aras\u0131nda kavgay\u0131 ay\u0131rd\u0131ktan sonra durumu polis ekiplerini bildirdi. \u0130hbar \u00fczerine b\u00f6lgeye polis ve sa\u011fl\u0131k ekipleri sevk edildi. Polis her iki kad\u0131n\u0131 da \u00f6nce hastaneye, ard\u0131ndan karakola g\u00f6t\u00fcrd\u00fc. Olaya \u015fahit olan bir vatanda\u015f ise olay an\u0131n\u0131 \u015f\u00f6yle anlatt\u0131:<br \/>\n<br \/>&#8220;Denizli B\u00fcy\u00fck\u015fehir Belediye otob\u00fcs\u00fcnde a\u00e7\u0131k bir kad\u0131n, tesett\u00fcrl\u00fc gen\u00e7 bir kad\u0131na \u00f6nce s\u00f6zl\u00fc sald\u0131rd\u0131. \u2018Gidin buradan istemiyorum sizin gibileri\u2019 diyerek s\u00f6ylenmeye ba\u015flad\u0131. Ard\u0131ndan \u2018\u0130stemiyorum git bu \u00fclkeden\u2019 \u015feklinde ba\u011f\u0131rarak s\u00f6zl\u00fc sald\u0131rd\u0131. Sonra k\u00fcf\u00fcr etmeye hakaret etmeye ba\u015flad\u0131. \u00c7ar\u015fafl\u0131 kad\u0131n T\u00fcrk\u2019t\u00fc, yabanc\u0131 de\u011fildi. Kapal\u0131 kad\u0131n\u0131n yan\u0131nda 2 ya\u015flar\u0131nda k\u00fc\u00e7\u00fck k\u0131z \u00e7ocu\u011fu vard\u0131, travma ya\u015fad\u0131. Bir t\u00fcrl\u00fc minik k\u0131z\u0131 susturamad\u0131k, devaml\u0131 olay\u0131n etkisiyle a\u011flad\u0131.&#8221;<br \/>\n<br \/>Ya\u015fanan olay an\u0131, otob\u00fcsteki bir vatanda\u015f taraf\u0131ndan cep telefonu kameras\u0131yla kaydedildi. Olaya ilgili soru\u015fturma s\u00fcr\u00fcyor.<br \/><\/p>\n","protected":false},"excerpt":{"rendered":"<p>Denizli\u2019de 2 ya\u015f\u0131ndaki k\u0131z\u0131yla birlikte halk otob\u00fcs\u00fcne binen tesett\u00fcrl\u00fc kad\u0131n, bir ba\u015fka kad\u0131n\u0131n hakaret ve sinkafl\u0131 k\u00fcf\u00fcrlerine maruz kald\u0131. Hakaretlerin ard\u0131ndan arbede ya\u015fand\u0131. Olay, Merkezefendi il\u00e7esi Akkonak Mahallesi\u2019nde meydana geldi. Edinilen bilgilere g\u00f6re, Denizli B\u00fcy\u00fck\u015fehir Belediyesi\u2019ne ait Denizli Valili\u011fi-Gerzele Mahallesi g\u00fczergah\u0131nda \u00e7al\u0131\u015fan 540 nolu hat otob\u00fcs\u00fcne, Akkonak Park\u0131 dura\u011f\u0131ndan yan\u0131ndaki 2 ya\u015f\u0131ndaki k\u0131z\u0131 ile binen&#8230;<\/p>\n","protected":false},"author":1,"featured_media":36927,"comment_status":"open","ping_status":"open","sticky":false,"template":"","format":"standard","meta":{"_crdt_document":"","footnotes":""},"categories":[5],"tags":[],"class_list":["post-36926","post","type-post","status-publish","format-standard","has-post-thumbnail","hentry","category-asayis"],"_links":{"self":[{"href":"https:\/\/www.egemtv.com\/index.php?rest_route=\/wp\/v2\/posts\/36926","targetHints":{"allow":["GET"]}}],"collection":[{"href":"https:\/\/www.egemtv.com\/index.php?rest_route=\/wp\/v2\/posts"}],"about":[{"href":"https:\/\/www.egemtv.com\/index.php?rest_route=\/wp\/v2\/types\/post"}],"author":[{"embeddable":true,"href":"https:\/\/www.egemtv.com\/index.php?rest_route=\/wp\/v2\/users\/1"}],"replies":[{"embeddable":true,"href":"https:\/\/www.egemtv.com\/index.php?rest_route=%2Fwp%2Fv2%2Fcomments&post=36926"}],"version-history":[{"count":1,"href":"https:\/\/www.egemtv.com\/index.php?rest_route=\/wp\/v2\/posts\/36926\/revisions"}],"predecessor-version":[{"id":36928,"href":"https:\/\/www.egemtv.com\/index.php?rest_route=\/wp\/v2\/posts\/36926\/revisions\/36928"}],"wp:featuredmedia":[{"embeddable":true,"href":"https:\/\/www.egemtv.com\/index.php?rest_route=\/wp\/v2\/media\/36927"}],"wp:attachment":[{"href":"https:\/\/www.egemtv.com\/index.php?rest_route=%2Fwp%2Fv2%2Fmedia&parent=36926"}],"wp:term":[{"taxonomy":"category","embeddable":true,"href":"https:\/\/www.egemtv.com\/index.php?rest_route=%2Fwp%2Fv2%2Fcategories&post=36926"},{"taxonomy":"post_tag","embeddable":true,"href":"https:\/\/www.egemtv.com\/index.php?rest_route=%2Fwp%2Fv2%2Ftags&post=36926"}],"curies":[{"name":"wp","href":"https:\/\/api.w.org\/{rel}","templated":true}]}}